{"id":59752,"date":"2018-05-13T11:43:16","date_gmt":"2018-05-13T14:43:16","guid":{"rendered":"http:\/\/www.cordobatimes.com\/showup\/?p=59752"},"modified":"2020-06-28T11:42:36","modified_gmt":"2020-06-28T14:42:36","slug":"selena-gomez-hara-una-cancion-para-la-segunda-temporada-de-13-reasons-why","status":"publish","type":"post","link":"https:\/\/www.cordobatimes.com\/showup\/musica\/2018\/05\/13\/selena-gomez-hara-una-cancion-para-la-segunda-temporada-de-13-reasons-why\/","title":{"rendered":"Selena Gomez har\u00e1 una canci\u00f3n para la segunda temporada de \u201c13 Reasons Why\u201d"},"content":{"rendered":"<h3><strong>La cantante Selena Gomez estren\u00f3\u00a0 su nuevo tema \u201cBack to you\u201d, canci\u00f3n que formar\u00e1 parte de la banda sonora\u00a0 de la segunda temporada de la exitosa serie de Netflix.13 Reasons Why, en la que la artista tambi\u00e9n participa como productora ejecutiva.<\/strong><\/h3>\n<p>El tema fue difundido junto a un \u201clyric video\u201d, en el que se aprecian la letra y varias escenas de la serie protagonizada por Dylan Minnette y Katherine Langford, que en este nuevo ciclo se centrar\u00e1 en las consecuencias que traer\u00e1 el suicidio de la joven estudiante Hannah Baker.<\/p>\n<p>La segunda temporada se podr\u00e1 ver en la plataforma de streaming a partir del pr\u00f3ximo d\u00eda 18, fecha en que tambi\u00e9n saldr\u00e1 a la venta la banda sonora de la serie, que adem\u00e1s de \u201cBack to you\u201d, incluye otras canciones.<\/p>\n<p>Esta misma semana, Netflix public\u00f3 el primer trailer de los nuevos cap\u00edtulos, en los que parte de la acci\u00f3n transcurre en la escuela Liberty High, a la que asist\u00eda la joven y que ahora se prepara para ir a juicio tras la muerte de Hannah.<br \/>\nCon esta nueva canci\u00f3n, Gomez ha lanzado cinco singles en los \u00faltimos meses, adem\u00e1s de \u201cIt Ain\u2019t Me\u201d, \u201cBad Liar\u201d, \u201cFetish\u201d y \u201cWolves\u201d, temas que formar\u00e1n parte de su pr\u00f3ximo disco, que ser\u00e1 su tercer \u00e1lbum de estudio.<\/p>\n<p>Sin embargo, la artista afirma que este nuevo proceso de producci\u00f3n musical se lo est\u00e1 tomando con calma tras haber sido sometida a un trasplante de ri\u00f1\u00f3n meses atr\u00e1s, en 2017, producto del lupus que padece.<\/p>\n<p><iframe loading=\"lazy\" src=\"https:\/\/www.youtube.com\/embed\/ulNswX3If6U\" width=\"560\" height=\"315\" frameborder=\"0\" allowfullscreen=\"allowfullscreen\"><\/iframe><\/p>\n","protected":false},"excerpt":{"rendered":"<p>La cantante Selena Gomez estren\u00f3\u00a0 su nuevo tema \u201cBack to you\u201d, canci\u00f3n que formar\u00e1 parte de la banda sonora\u00a0 de la segunda temporada de la exitosa serie de Netflix.13 Reasons Why, en la que la artista tambi\u00e9n participa como productora ejecutiva. El tema fue difundido junto a un \u201clyric video\u201d, en el que se aprecian [&hellip;]<\/p>\n","protected":false},"author":1,"featured_media":59753,"comment_status":"closed","ping_status":"closed","sticky":false,"template":"","format":"standard","meta":{"_seopress_robots_primary_cat":"","_seopress_titles_title":"","_seopress_titles_desc":"","_seopress_robots_index":"","footnotes":""},"categories":[5],"tags":[21695,32029,32030],"class_list":{"0":"post-59752","1":"post","2":"type-post","3":"status-publish","4":"format-standard","5":"has-post-thumbnail","7":"category-musica","8":"tag-segunda-temporada-de-13-reasons-why","9":"tag-selena-gomez-13-reasons-why","10":"tag-selena-gomez-back-to-you"},"_links":{"self":[{"href":"https:\/\/www.cordobatimes.com\/showup\/wp-json\/wp\/v2\/posts\/59752","targetHints":{"allow":["GET"]}}],"collection":[{"href":"https:\/\/www.cordobatimes.com\/showup\/wp-json\/wp\/v2\/posts"}],"about":[{"href":"https:\/\/www.cordobatimes.com\/showup\/wp-json\/wp\/v2\/types\/post"}],"author":[{"embeddable":true,"href":"https:\/\/www.cordobatimes.com\/showup\/wp-json\/wp\/v2\/users\/1"}],"replies":[{"embeddable":true,"href":"https:\/\/www.cordobatimes.com\/showup\/wp-json\/wp\/v2\/comments?post=59752"}],"version-history":[{"count":0,"href":"https:\/\/www.cordobatimes.com\/showup\/wp-json\/wp\/v2\/posts\/59752\/revisions"}],"wp:featuredmedia":[{"embeddable":true,"href":"https:\/\/www.cordobatimes.com\/showup\/wp-json\/wp\/v2\/media\/59753"}],"wp:attachment":[{"href":"https:\/\/www.cordobatimes.com\/showup\/wp-json\/wp\/v2\/media?parent=59752"}],"wp:term":[{"taxonomy":"category","embeddable":true,"href":"https:\/\/www.cordobatimes.com\/showup\/wp-json\/wp\/v2\/categories?post=59752"},{"taxonomy":"post_tag","embeddable":true,"href":"https:\/\/www.cordobatimes.com\/showup\/wp-json\/wp\/v2\/tags?post=59752"}],"curies":[{"name":"wp","href":"https:\/\/api.w.org\/{rel}","templated":true}]}}