{"id":59696,"date":"2018-05-10T17:03:28","date_gmt":"2018-05-10T20:03:28","guid":{"rendered":"http:\/\/www.cordobatimes.com\/showup\/?p=59696"},"modified":"2020-06-28T21:46:09","modified_gmt":"2020-06-29T00:46:09","slug":"cristiano-ronaldo-tendra-su-propia-serie-animada","status":"publish","type":"post","link":"https:\/\/www.cordobatimes.com\/showup\/cine-y-series\/2018\/05\/10\/cristiano-ronaldo-tendra-su-propia-serie-animada\/","title":{"rendered":"Cristiano Ronaldo tendr\u00e1 su propia serie animada"},"content":{"rendered":"<h3><strong>\u201cSiempre fui fan de los superh\u00e9roes y estoy encantado de participar\u201d, dijo el delantero. Mir\u00e1 la primera imagen del portugu\u00e9s en\u00a0Strike Force 7<\/strong><\/h3>\n<p>Cristiano Ronaldo se convertir\u00e1 en un superh\u00e9roe en la nueva serie animada\u00a0<strong>Striker Force 7<\/strong>, seg\u00fan confirm\u00f3\u00a0Deadline.<\/p>\n<p>La agencia deportiva Polaris Sports realiz\u00f3 un convenio entre el delantero del Real Madrid y Graphic India y VMS Communications para la creaci\u00f3n de\u00a0<strong>Striker Force 7<\/strong>, una nueva propiedad de entretenimiento que contar\u00e1 con personajes originales y que se utilizar\u00e1 en la serie de animaci\u00f3n, en contenidos editoriales, c\u00f3mics y en videojuegos.<\/p>\n<p><img decoding=\"async\" src=\"http:\/\/staticvosf5b.lavozdelinterior.com.ar\/sites\/default\/files\/file_attachments\/nota_periodistica\/cristiano_ronaldo.jpg\" width=\"100%\" height=\"auto\" \/><\/p>\n<p>Graphic India es una productora l\u00edder de novelas gr\u00e1ficas y animaciones dedicada a la creaci\u00f3n de superh\u00e9roes, mientras que VMS Communications es una empresa de marketing digital y administraci\u00f3n de contenidos m\u00f3viles. Ambas compa\u00f1\u00edas trabajar\u00e1n en este nuevo proyecto creado por Cristiano Ronaldo y Sharad Devarajan, quienes tambi\u00e9n ser\u00e1n los productores ejecutivos junto con Diego Guarderas de VMS Communications, el equipo de Polaris Sports y Jeevan J. Kang.<\/p>\n<p>Sobre la nueva serie animada, Cristiano Ronaldo coment\u00f3: \u00abSiempre he sido fan de los superh\u00e9roes y estoy encantado de ayudar a crear esta nueva serie animada. As\u00ed como el f\u00fatbol enlaza culturas y pueblos en todo el mundo, estoy convencido de que los grandes personajes y h\u00e9roes animados pueden hacer lo propio, por eso me entusiasma combinar la pasi\u00f3n por el f\u00fatbol con la pasi\u00f3n por los superh\u00e9roes a trav\u00e9s de este proyecto, y compartir el resultado con mis fans.\u00bb<\/p>\n<p>En\u00a0<a href=\"https:\/\/www.strikerforce7.com\/\" target=\"_blank\" rel=\"noopener noreferrer\">www.strikerforce7.com<\/a>\u00a0prometen que pronto se dar\u00e1n los detalles sobre la fecha de estreno.<\/p>\n","protected":false},"excerpt":{"rendered":"<p>\u201cSiempre fui fan de los superh\u00e9roes y estoy encantado de participar\u201d, dijo el delantero. Mir\u00e1 la primera imagen del portugu\u00e9s en\u00a0Strike Force 7 Cristiano Ronaldo se convertir\u00e1 en un superh\u00e9roe en la nueva serie animada\u00a0Striker Force 7, seg\u00fan confirm\u00f3\u00a0Deadline. La agencia deportiva Polaris Sports realiz\u00f3 un convenio entre el delantero del Real Madrid y Graphic [&hellip;]<\/p>\n","protected":false},"author":1,"featured_media":59697,"comment_status":"closed","ping_status":"closed","sticky":false,"template":"","format":"standard","meta":{"_seopress_robots_primary_cat":"","_seopress_titles_title":"","_seopress_titles_desc":"","_seopress_robots_index":"","footnotes":""},"categories":[3],"tags":[21734,32033],"class_list":{"0":"post-59696","1":"post","2":"type-post","3":"status-publish","4":"format-standard","5":"has-post-thumbnail","7":"category-cine-y-series","8":"tag-serie-animada-striker-force-7","9":"tag-serie-de-cristiano-ronaldo"},"_links":{"self":[{"href":"https:\/\/www.cordobatimes.com\/showup\/wp-json\/wp\/v2\/posts\/59696","targetHints":{"allow":["GET"]}}],"collection":[{"href":"https:\/\/www.cordobatimes.com\/showup\/wp-json\/wp\/v2\/posts"}],"about":[{"href":"https:\/\/www.cordobatimes.com\/showup\/wp-json\/wp\/v2\/types\/post"}],"author":[{"embeddable":true,"href":"https:\/\/www.cordobatimes.com\/showup\/wp-json\/wp\/v2\/users\/1"}],"replies":[{"embeddable":true,"href":"https:\/\/www.cordobatimes.com\/showup\/wp-json\/wp\/v2\/comments?post=59696"}],"version-history":[{"count":0,"href":"https:\/\/www.cordobatimes.com\/showup\/wp-json\/wp\/v2\/posts\/59696\/revisions"}],"wp:featuredmedia":[{"embeddable":true,"href":"https:\/\/www.cordobatimes.com\/showup\/wp-json\/wp\/v2\/media\/59697"}],"wp:attachment":[{"href":"https:\/\/www.cordobatimes.com\/showup\/wp-json\/wp\/v2\/media?parent=59696"}],"wp:term":[{"taxonomy":"category","embeddable":true,"href":"https:\/\/www.cordobatimes.com\/showup\/wp-json\/wp\/v2\/categories?post=59696"},{"taxonomy":"post_tag","embeddable":true,"href":"https:\/\/www.cordobatimes.com\/showup\/wp-json\/wp\/v2\/tags?post=59696"}],"curies":[{"name":"wp","href":"https:\/\/api.w.org\/{rel}","templated":true}]}}