{"id":59585,"date":"2018-05-04T10:18:06","date_gmt":"2018-05-04T13:18:06","guid":{"rendered":"http:\/\/www.cordobatimes.com\/showup\/?p=59585"},"modified":"2020-06-29T19:01:41","modified_gmt":"2020-06-29T22:01:41","slug":"revelan-fotos-del-rodaje-de-la-tercera-temporada-de-stranger-things","status":"publish","type":"post","link":"https:\/\/www.cordobatimes.com\/showup\/cine-y-series\/2018\/05\/04\/revelan-fotos-del-rodaje-de-la-tercera-temporada-de-stranger-things\/","title":{"rendered":"Revelan fotos del rodaje de la tercera temporada de Stranger Things"},"content":{"rendered":"<h3><strong>Tres personajes de la aclamada serie de Netflix fueron fotografiados en pleno rodaje de la serie.\u00a0<\/strong><\/h3>\n<p>Es poco lo que se vio, pero suficiente para encender la ansiedad de los fans que aguardan por la nueva temporada de\u00a0Stranger Things. El portal Just Jared public\u00f3 im\u00e1genes del rodaje en Canton, una ciudad estadounidense en el condado de Georgia que sirve como escenario para recrear el ficcional pueblo de Hawkins.<\/p>\n<p>En las fotos se puede ver a Nancy Wheller (Natalia Dyer), Joyce Byers (Winona Ryder) y el jefe de polic\u00eda Jim Hooper (David Harbour), filmando una escena en una zona de locales comerciales del centro de la ciudad. La serie a\u00fan no tiene fecha definida para su lanzamiento, aunque est\u00e1 previsto que sea a finales de este a\u00f1o.<\/p>\n<p><img alt=\"\" loading=\"lazy\" decoding=\"async\" class=\"alignnone size-full wp-image-62153\" src=\"https:\/\/www.cordobatimes.com\/showup\/wp-content\/uploads\/2018\/05\/1-27.jpg\" alt=\"\" width=\"380\" height=\"579\" srcset=\"https:\/\/www.cordobatimes.com\/showup\/wp-content\/uploads\/2018\/05\/1-27.jpg 380w, https:\/\/www.cordobatimes.com\/showup\/wp-content\/uploads\/2018\/05\/1-27-276x420.jpg 276w\" sizes=\"auto, (max-width: 380px) 100vw, 380px\" \/> <img alt=\"\" loading=\"lazy\" decoding=\"async\" class=\"alignnone size-full wp-image-62154\" src=\"https:\/\/www.cordobatimes.com\/showup\/wp-content\/uploads\/2018\/05\/2-25.jpg\" alt=\"\" width=\"386\" height=\"566\" srcset=\"https:\/\/www.cordobatimes.com\/showup\/wp-content\/uploads\/2018\/05\/2-25.jpg 386w, https:\/\/www.cordobatimes.com\/showup\/wp-content\/uploads\/2018\/05\/2-25-286x420.jpg 286w\" sizes=\"auto, (max-width: 386px) 100vw, 386px\" \/> <img alt=\"\" loading=\"lazy\" decoding=\"async\" class=\"alignnone size-full wp-image-62155\" src=\"https:\/\/www.cordobatimes.com\/showup\/wp-content\/uploads\/2018\/05\/3-21.jpg\" alt=\"\" width=\"382\" height=\"574\" srcset=\"https:\/\/www.cordobatimes.com\/showup\/wp-content\/uploads\/2018\/05\/3-21.jpg 382w, https:\/\/www.cordobatimes.com\/showup\/wp-content\/uploads\/2018\/05\/3-21-280x420.jpg 280w\" sizes=\"auto, (max-width: 382px) 100vw, 382px\" \/> <img alt=\"\" loading=\"lazy\" decoding=\"async\" class=\"alignnone size-full wp-image-62156\" src=\"https:\/\/www.cordobatimes.com\/showup\/wp-content\/uploads\/2018\/05\/4-19.jpg\" alt=\"\" width=\"380\" height=\"565\" srcset=\"https:\/\/www.cordobatimes.com\/showup\/wp-content\/uploads\/2018\/05\/4-19.jpg 380w, https:\/\/www.cordobatimes.com\/showup\/wp-content\/uploads\/2018\/05\/4-19-282x420.jpg 282w\" sizes=\"auto, (max-width: 380px) 100vw, 380px\" \/> <img alt=\"\" loading=\"lazy\" decoding=\"async\" class=\"alignnone size-full wp-image-62157\" src=\"https:\/\/www.cordobatimes.com\/showup\/wp-content\/uploads\/2018\/05\/5-10.jpg\" alt=\"\" width=\"387\" height=\"587\" srcset=\"https:\/\/www.cordobatimes.com\/showup\/wp-content\/uploads\/2018\/05\/5-10.jpg 387w, https:\/\/www.cordobatimes.com\/showup\/wp-content\/uploads\/2018\/05\/5-10-277x420.jpg 277w\" sizes=\"auto, (max-width: 387px) 100vw, 387px\" \/> <img alt=\"\" loading=\"lazy\" decoding=\"async\" class=\"alignnone size-full wp-image-62158\" src=\"https:\/\/www.cordobatimes.com\/showup\/wp-content\/uploads\/2018\/05\/6-7.jpg\" alt=\"\" width=\"381\" height=\"585\" srcset=\"https:\/\/www.cordobatimes.com\/showup\/wp-content\/uploads\/2018\/05\/6-7.jpg 381w, https:\/\/www.cordobatimes.com\/showup\/wp-content\/uploads\/2018\/05\/6-7-274x420.jpg 274w\" sizes=\"auto, (max-width: 381px) 100vw, 381px\" \/><\/p>\n<p>&nbsp;<\/p>\n<p>&nbsp;<\/p>\n<p>&nbsp;<\/p>\n<p>&nbsp;<\/p>\n<p>&nbsp;<\/p>\n","protected":false},"excerpt":{"rendered":"<p>Tres personajes de la aclamada serie de Netflix fueron fotografiados en pleno rodaje de la serie.\u00a0 Es poco lo que se vio, pero suficiente para encender la ansiedad de los fans que aguardan por la nueva temporada de\u00a0Stranger Things. El portal Just Jared public\u00f3 im\u00e1genes del rodaje en Canton, una ciudad estadounidense en el condado [&hellip;]<\/p>\n","protected":false},"author":1,"featured_media":59586,"comment_status":"closed","ping_status":"closed","sticky":false,"template":"","format":"standard","meta":{"_seopress_robots_primary_cat":"","_seopress_titles_title":"","_seopress_titles_desc":"","_seopress_robots_index":"","footnotes":""},"categories":[3],"tags":[32054,21691,18712],"class_list":{"0":"post-59585","1":"post","2":"type-post","3":"status-publish","4":"format-standard","5":"has-post-thumbnail","7":"category-cine-y-series","8":"tag-fotos-del-rodaje-de-la-tercera-temporada-de-stranger-things","9":"tag-rodaje-de-la-tercera-temporada-de-stranger-things","10":"tag-tercera-temporada-de-stranger-things"},"_links":{"self":[{"href":"https:\/\/www.cordobatimes.com\/showup\/wp-json\/wp\/v2\/posts\/59585","targetHints":{"allow":["GET"]}}],"collection":[{"href":"https:\/\/www.cordobatimes.com\/showup\/wp-json\/wp\/v2\/posts"}],"about":[{"href":"https:\/\/www.cordobatimes.com\/showup\/wp-json\/wp\/v2\/types\/post"}],"author":[{"embeddable":true,"href":"https:\/\/www.cordobatimes.com\/showup\/wp-json\/wp\/v2\/users\/1"}],"replies":[{"embeddable":true,"href":"https:\/\/www.cordobatimes.com\/showup\/wp-json\/wp\/v2\/comments?post=59585"}],"version-history":[{"count":0,"href":"https:\/\/www.cordobatimes.com\/showup\/wp-json\/wp\/v2\/posts\/59585\/revisions"}],"wp:featuredmedia":[{"embeddable":true,"href":"https:\/\/www.cordobatimes.com\/showup\/wp-json\/wp\/v2\/media\/59586"}],"wp:attachment":[{"href":"https:\/\/www.cordobatimes.com\/showup\/wp-json\/wp\/v2\/media?parent=59585"}],"wp:term":[{"taxonomy":"category","embeddable":true,"href":"https:\/\/www.cordobatimes.com\/showup\/wp-json\/wp\/v2\/categories?post=59585"},{"taxonomy":"post_tag","embeddable":true,"href":"https:\/\/www.cordobatimes.com\/showup\/wp-json\/wp\/v2\/tags?post=59585"}],"curies":[{"name":"wp","href":"https:\/\/api.w.org\/{rel}","templated":true}]}}