{"id":59551,"date":"2018-05-01T11:14:29","date_gmt":"2018-05-01T14:14:29","guid":{"rendered":"http:\/\/www.cordobatimes.com\/showup\/?p=59551"},"modified":"2020-06-29T20:04:05","modified_gmt":"2020-06-29T23:04:05","slug":"salio-el-trailer-de-13-reasons-why-2","status":"publish","type":"post","link":"https:\/\/www.cordobatimes.com\/showup\/cine-y-series\/2018\/05\/01\/salio-el-trailer-de-13-reasons-why-2\/","title":{"rendered":"Sali\u00f3 el trailer de \u201c13 Reasons Why 2\u201d"},"content":{"rendered":"<h3><strong>Se conoci\u00f3 la fecha en la que Netflix presentar\u00e1 los nuevos episodios de la serie que caus\u00f3 furor en 2017 por su tem\u00e1tica sobre el bullying.\u00a0<\/strong><\/h3>\n<p>Finalmente Netflix le dio un adelanto a los tan ansiosos fans de 13 reasons why (Por 13 razones), la serie original de la plataforma de streaming que caus\u00f3 revuelo con su primer temporada donde se abordaba la tem\u00e1tica del bullying.<\/p>\n<p>Este lunes finalmente se conocieron las primeras im\u00e1genes promocionales de la nueva temporada bajo el slogan \u201clos casettes eran s\u00f3lo el comienzo\u201d, en alusi\u00f3n a las cintas que dej\u00f3 la protagonista Hannah Baker antes de suicidarse y con los que se da inicio a la historia.<\/p>\n<p>Como si esto fuera poco, el teaser revela la fecha de lanzamiento de los nuevos cap\u00edtulos: 18 de mayo.<\/p>\n<p>Hace un a\u00f1o, Selena Gomez, productora ejecutiva del programa, revel\u00f3 en Instagram que habr\u00eda una segunda temporada. \u201cEsta historia no ha terminado. Viene la segunda temporada de #13ReasonsWhy\u201d, escribi\u00f3.<\/p>\n<p>La temporada 2 retoma la historia de las consecuencias de la muerte de Hannah y el complicado proceso de recuperaci\u00f3n de los personajes. La escuela se prepara para el juicio, pero alguien no se detendr\u00e1 ante nada con tal de que la verdad sobre la muerte de Hannah no salga a la luz. Una serie de polaroids inquietantes lleva a Clay y a sus compa\u00f1eros a descubrir un secreto perturbador y una conspiraci\u00f3n para que se mantenga oculto.<\/p>\n<p>M\u00e1s all\u00e1 de esto, los detalles de la nueva temporada son escasos. Pero Katherine Langford (Hannah Baker), quien recibi\u00f3 una nominaci\u00f3n al Globo de Oro por su protagonico en la serie, anticip\u00f3 que ser\u00e1 \u201cuna temporada muy distinta a la primera, por muchas razones\u201d.<\/p>\n<p>\u201cPero estoy s\u00faper agradecida de que me pidieran estar de vuelta, porque pienso que qued\u00f3 mucho por contar. Estoy realmente contenta de que pudi\u00e9ramos concentrarnos en varias historias importantes de otros personajes\u201c, hab\u00eda revelado, antes de asegurar: \u201cLa Hannah de la primera temporada ya no existe\u2026 todav\u00eda estar\u00e1 ah\u00ed esta temporada, pero preparar\u00eda a la audiencia para ver a una Hannah diferente esta temporada\u201d.<\/p>\n<p>Mir\u00e1 el adelanto de la segunda temporada de \u201c13 reasons why\u201d<\/p>\n<p><iframe loading=\"lazy\" src=\"https:\/\/www.youtube.com\/embed\/O92pekaban8\" width=\"560\" height=\"315\" frameborder=\"0\" allowfullscreen=\"allowfullscreen\"><\/iframe><\/p>\n","protected":false},"excerpt":{"rendered":"<p>Se conoci\u00f3 la fecha en la que Netflix presentar\u00e1 los nuevos episodios de la serie que caus\u00f3 furor en 2017 por su tem\u00e1tica sobre el bullying.\u00a0 Finalmente Netflix le dio un adelanto a los tan ansiosos fans de 13 reasons why (Por 13 razones), la serie original de la plataforma de streaming que caus\u00f3 revuelo [&hellip;]<\/p>\n","protected":false},"author":1,"featured_media":59552,"comment_status":"closed","ping_status":"closed","sticky":false,"template":"","format":"standard","meta":{"_seopress_robots_primary_cat":"","_seopress_titles_title":"","_seopress_titles_desc":"","_seopress_robots_index":"","footnotes":""},"categories":[3],"tags":[21664],"class_list":{"0":"post-59551","1":"post","2":"type-post","3":"status-publish","4":"format-standard","5":"has-post-thumbnail","7":"category-cine-y-series","8":"tag-trailer-de-13-reasons-why-2"},"_links":{"self":[{"href":"https:\/\/www.cordobatimes.com\/showup\/wp-json\/wp\/v2\/posts\/59551","targetHints":{"allow":["GET"]}}],"collection":[{"href":"https:\/\/www.cordobatimes.com\/showup\/wp-json\/wp\/v2\/posts"}],"about":[{"href":"https:\/\/www.cordobatimes.com\/showup\/wp-json\/wp\/v2\/types\/post"}],"author":[{"embeddable":true,"href":"https:\/\/www.cordobatimes.com\/showup\/wp-json\/wp\/v2\/users\/1"}],"replies":[{"embeddable":true,"href":"https:\/\/www.cordobatimes.com\/showup\/wp-json\/wp\/v2\/comments?post=59551"}],"version-history":[{"count":0,"href":"https:\/\/www.cordobatimes.com\/showup\/wp-json\/wp\/v2\/posts\/59551\/revisions"}],"wp:featuredmedia":[{"embeddable":true,"href":"https:\/\/www.cordobatimes.com\/showup\/wp-json\/wp\/v2\/media\/59552"}],"wp:attachment":[{"href":"https:\/\/www.cordobatimes.com\/showup\/wp-json\/wp\/v2\/media?parent=59551"}],"wp:term":[{"taxonomy":"category","embeddable":true,"href":"https:\/\/www.cordobatimes.com\/showup\/wp-json\/wp\/v2\/categories?post=59551"},{"taxonomy":"post_tag","embeddable":true,"href":"https:\/\/www.cordobatimes.com\/showup\/wp-json\/wp\/v2\/tags?post=59551"}],"curies":[{"name":"wp","href":"https:\/\/api.w.org\/{rel}","templated":true}]}}