{"id":59539,"date":"2018-04-30T12:25:30","date_gmt":"2018-04-30T15:25:30","guid":{"rendered":"http:\/\/www.cordobatimes.com\/showup\/?p=59539"},"modified":"2020-06-22T08:20:51","modified_gmt":"2020-06-22T11:20:51","slug":"abba-regresa-con-una-curiosa-propuesta","status":"publish","type":"post","link":"https:\/\/www.cordobatimes.com\/showup\/musica\/2018\/04\/30\/abba-regresa-con-una-curiosa-propuesta\/","title":{"rendered":"Abba regresa con una curiosa propuesta"},"content":{"rendered":"<h3><strong>El regreso a los estudios les dar\u00e1 un nuevo material, pero la gira ser\u00e1 fuera de lo normal.<\/strong><\/h3>\n<p>La noticia fue anunciada en un mensaje de Instagram de parte de Benny Andersson, Bjorn Ulvaeus, Anni-Frid Lyngstad y Agnetha Faltskog.<\/p>\n<p>Abba gan\u00f3 el concurso de canciones Eurovision en 1974 con\u00a0<strong>Waterloo<\/strong>\u00a0y tras esto lanz\u00f3 una serie de \u00e9xitos como\u00a0<strong>Dancing Queen<\/strong>\u00a0y\u00a0<strong>Take a Chance on Me<\/strong>\u00a0antes de separarse en 1982.<\/p>\n<p>El mensaje de la banda dijo que los miembros se reunieron para planear una gira virtual con avatares digitales y as\u00ed fue como decidieron regresar al estudio.<\/p>\n<div id=\"dfp-rectangle_2_parent\" class=\"inlineBanner\">\n<div id=\"dfp-rectangle_2\" class=\"dfp-banner banner\" data-google-query-id=\"CNbWstui4toCFdfT4QodpRsPWg\">\n<div id=\"google_ads_iframe_6955764\/vos\/notas\/rectangle_2_0__container__\">Abba dijo que era \u00abcomo si el tiempo se hubiese detenido y solamente nos hubi\u00e9ramos alejado para unas cortas vacaciones. \u00edFue una experiencia extremadamente dichosa!\u00bb.<\/div>\n<\/div>\n<\/div>\n<p><strong>I Still Have Faith In You<\/strong>\u00a0ser\u00e1 presentada por los hologramas de la banda en un programa especial en diciembre que ser\u00e1 transmitido por BBC y NBC. No se anunci\u00f3 cu\u00e1ndo ser\u00e1 lanzada la segunda canci\u00f3n.<\/p>\n<p>Ulvaeus revel\u00f3 este mes que los miembros virtuales de la banda &#8211; \u00abAbbatars\u00bb &#8211; se presentar\u00e1n en un programa de televisi\u00f3n en 2018, y tendr\u00e1n una gira en 2019 o 2020.<\/p>\n<p>Los miembros de la banda s\u00f3lo se presentaron juntos hasta la d\u00e9cada de 1980 y despu\u00e9s en una fiesta privada de 2016. Han dicho en m\u00faltiples ocasiones que nunca volver\u00e1n a salir de gira juntos.<\/p>\n<p><strong>Chiquitita<\/strong><\/p>\n<p><iframe loading=\"lazy\" src=\"https:\/\/www.youtube.com\/embed\/p4QqMKe3rwY\" width=\"560\" height=\"315\" frameborder=\"0\" allowfullscreen=\"allowfullscreen\"><\/iframe><\/p>\n<h3><strong>Dancing Queen<\/strong><\/h3>\n<p><iframe loading=\"lazy\" src=\"https:\/\/www.youtube.com\/embed\/yhqV49us4J8\" width=\"560\" height=\"315\" frameborder=\"0\" allowfullscreen=\"allowfullscreen\"><\/iframe><\/p>\n<h3><strong>Mamma m\u00eda<\/strong><\/h3>\n<p><iframe loading=\"lazy\" src=\"https:\/\/www.youtube.com\/embed\/unfzfe8f9NI\" width=\"560\" height=\"315\" frameborder=\"0\" allowfullscreen=\"allowfullscreen\"><\/iframe><\/p>\n","protected":false},"excerpt":{"rendered":"<p>El regreso a los estudios les dar\u00e1 un nuevo material, pero la gira ser\u00e1 fuera de lo normal. La noticia fue anunciada en un mensaje de Instagram de parte de Benny Andersson, Bjorn Ulvaeus, Anni-Frid Lyngstad y Agnetha Faltskog. Abba gan\u00f3 el concurso de canciones Eurovision en 1974 con\u00a0Waterloo\u00a0y tras esto lanz\u00f3 una serie de [&hellip;]<\/p>\n","protected":false},"author":1,"featured_media":59540,"comment_status":"closed","ping_status":"closed","sticky":false,"template":"","format":"standard","meta":{"_seopress_robots_primary_cat":"","_seopress_titles_title":"","_seopress_titles_desc":"","_seopress_robots_index":"","footnotes":""},"categories":[5],"tags":[21649,21651,21652,21650],"class_list":{"0":"post-59539","1":"post","2":"type-post","3":"status-publish","4":"format-standard","5":"has-post-thumbnail","7":"category-musica","8":"tag-abba-regresa","9":"tag-dancing-queen","10":"tag-take-a-chance-on-me","11":"tag-waterloo"},"_links":{"self":[{"href":"https:\/\/www.cordobatimes.com\/showup\/wp-json\/wp\/v2\/posts\/59539","targetHints":{"allow":["GET"]}}],"collection":[{"href":"https:\/\/www.cordobatimes.com\/showup\/wp-json\/wp\/v2\/posts"}],"about":[{"href":"https:\/\/www.cordobatimes.com\/showup\/wp-json\/wp\/v2\/types\/post"}],"author":[{"embeddable":true,"href":"https:\/\/www.cordobatimes.com\/showup\/wp-json\/wp\/v2\/users\/1"}],"replies":[{"embeddable":true,"href":"https:\/\/www.cordobatimes.com\/showup\/wp-json\/wp\/v2\/comments?post=59539"}],"version-history":[{"count":0,"href":"https:\/\/www.cordobatimes.com\/showup\/wp-json\/wp\/v2\/posts\/59539\/revisions"}],"wp:featuredmedia":[{"embeddable":true,"href":"https:\/\/www.cordobatimes.com\/showup\/wp-json\/wp\/v2\/media\/59540"}],"wp:attachment":[{"href":"https:\/\/www.cordobatimes.com\/showup\/wp-json\/wp\/v2\/media?parent=59539"}],"wp:term":[{"taxonomy":"category","embeddable":true,"href":"https:\/\/www.cordobatimes.com\/showup\/wp-json\/wp\/v2\/categories?post=59539"},{"taxonomy":"post_tag","embeddable":true,"href":"https:\/\/www.cordobatimes.com\/showup\/wp-json\/wp\/v2\/tags?post=59539"}],"curies":[{"name":"wp","href":"https:\/\/api.w.org\/{rel}","templated":true}]}}