{"id":59536,"date":"2018-04-30T11:42:00","date_gmt":"2018-04-30T14:42:00","guid":{"rendered":"http:\/\/www.cordobatimes.com\/showup\/?p=59536"},"modified":"2020-06-22T08:21:17","modified_gmt":"2020-06-22T11:21:17","slug":"premios-platino-2018-todos-los-ganadores","status":"publish","type":"post","link":"https:\/\/www.cordobatimes.com\/showup\/cine-y-series\/2018\/04\/30\/premios-platino-2018-todos-los-ganadores\/","title":{"rendered":"Premios Platino 2018: todos los ganadores"},"content":{"rendered":"<h3><strong>La chilena\u00a0Una mujer fant\u00e1stica\u00a0arras\u00f3 en los premios\u00a0a lo mejor del cine iberoamericano.<\/strong><\/h3>\n<p>La cinta chilena\u00a0Una mujer fant\u00e1stica\u00a0se coron\u00f3 el domingo como la mejor pel\u00edcula iberoamericana y m\u00e1xima ganadora de la noche en los\u00a0Premios Platino\u00a0con cinco estatuillas.<\/p>\n<p>El filme sobre el rechazo que enfrenta una mujer transexual despu\u00e9s de la muerte de su pareja le dio a Sebasti\u00e1n Lelio los premios de mejor direcci\u00f3n y guion.<\/p>\n<p>\u00abLos que contamos historias tenemos la posibilidad de proponerle al espectador una nueva luz con la cual observar los fen\u00f3menos\u00bb, dijo Lelio al recibir el premio a mejor direcci\u00f3n. \u00abEsa luz puede generar en el espectador una nueva perspectiva, una nueva conciencia y esa conciencia convertirse quiz\u00e1s en acci\u00f3n y luego la acci\u00f3n en cambio, eso es un poder muy grande y una responsabilidad preciosa\u00bb.<\/p>\n<div id=\"dfp-rectangle_2_parent\" class=\"inlineBanner\">\n<div id=\"dfp-rectangle_2\" class=\"dfp-banner banner\" data-google-query-id=\"CJfou7ab4toCFQUphwodbZYFMA\">\n<div id=\"google_ads_iframe_6955764\/vos\/notas\/rectangle_2_0__container__\"><\/div>\n<\/div>\n<\/div>\n<p><strong>Una mujer fant\u00e1stica<\/strong>\u00a0lleg\u00f3 a los Platino como la favorita tras ganar el Oscar a la mejor pel\u00edcula de lengua extranjera en marzo. Tambi\u00e9n triunf\u00f3 en la Berlinale, en los Goya, en el festival de cine de San Sebasti\u00e1n y los Premios F\u00e9nix.<\/p>\n<p>Su protagonista, la actriz transexual Daniela Vega, pidi\u00f3 el domingo junto al actor argentino Ernesto Alterio un minuto de aplausos para las mujeres en busca de equidad en la industria cinematogr\u00e1fica<\/p>\n<p>\u00abQue manifieste claro y fuerte que lucharemos desde el cine para esa unidad en la igualdad\u00bb, dijo Vega, quien momentos despu\u00e9s se llev\u00f3 el premio a la mejor interpretaci\u00f3n femenina por su conmovedor papel como una joven cantante trans.<\/p>\n<p>\u00abYo me he ca\u00eddo muchas veces en la vida y me he parado todas esas veces, los invito a ustedes a caerse, a experimentar la humanidad y a levantarse una y otra vez, por las mujeres, por los derechos humanos, por esos hombres y mujeres olvidados en el tiempo, por esas personas que el reloj borr\u00f3\u00bb.<\/p>\n<p>La pel\u00edcula tambi\u00e9n le vali\u00f3 el premio al mejor guion a Gonzalo Maza y el de mejor direcci\u00f3n de montaje para Soledad Salfate.<\/p>\n<p class=\"SubTitulo\"><strong>Otros premios<\/strong><\/p>\n<p>El chileno Alfredo Castro, de<strong>\u00a0Los Perros<\/strong>, fue elegido mejor actor por su papel como un maestro de equitaci\u00f3n acusado de cr\u00edmenes durante la dictadura en su pa\u00eds. Castro no pudo estar presente en la ceremonia pero en su lugar envi\u00f3 una carta de agradecimiento que fue le\u00edda por su compa\u00f1era de reparto Antonia Zegers.<\/p>\n<p>En un a\u00f1o con galas marcadas por los movimientos #MeToo y Time&#8217;s UP, contra el abuso sexual y por la igualdad en los lugares de trabajo, respectivamente, los premios a las mejores interpretaciones masculinas y femeninas en cine y televisi\u00f3n iberoamericanos fueron presentadas al mismo tiempo en los Platino, para enviar un mensaje de igualdad.<\/p>\n<p>Blanca Su\u00e1rez, de\u00a0<strong>Las chicas del cable,<\/strong>\u00a0obtuvo el premio a la mejor interpretaci\u00f3n femenina en una miniserie o teleserie, mientras que Julio Ch\u00e1vez, de<strong>\u00a0El maestro<\/strong>, fue reconocido en la categor\u00eda masculina.<\/p>\n<p>La actriz mexicana Adriana Barraza, entre cuyos cr\u00e9ditos destacan\u00a0<strong>Babel, Amores Perros<\/strong>\u00a0y\u00a0<strong>Los 33<\/strong>, recibi\u00f3 el Premio Platino de honor a la trayectoria. Dedic\u00f3 su galard\u00f3n a sus alumnos de actuaci\u00f3n y a los tres estudiantes de cine que recientemente fueron secuestrados y asesinados en el estado mexicano de Jalisco. Tambi\u00e9n record\u00f3 a los 43 estudiantes desaparecidos de la escuela normal rural de Ayotzinapa y a los familiares de los desaparecidos.<\/p>\n<p>\u00abQue haya verdad y justicia para cada uno de ellos\u00bb, dijo Barraza. \u00abComo ser humano lamento profundamente que todos nosotros nos hayamos perdido la posibilidad de ver una pel\u00edcula de ellos, de disfrutarlos, de ver qu\u00e9 quer\u00edan decir en las pantallas\u00bb, agreg\u00f3 sobre los j\u00f3venes de Jalisco.<\/p>\n<p class=\"SubTitulo\"><strong>La gala<\/strong><\/p>\n<p>En medio del calor del Caribe, el p\u00fablico no dud\u00f3 en sacar abanicos para refrescarse durante la gala presentada por el c\u00f3mico mexicano Eugenio Derbez, quien por tercera ocasi\u00f3n fue maestro de ceremonias.<\/p>\n<p>La quinta entrega de los Premios Platino a lo mejor del cine iberoamericano comenz\u00f3 con un espect\u00e1culo con motivos prehisp\u00e1nicos como los que caracterizan al parque tem\u00e1tico Xcaret, sede de la ceremonia, tras el cual la banda mexicana Man\u00e1 interpret\u00f3\u00a0<strong>Si no te hubieras ido.<\/strong>\u00a0Hacia el final de la gala, Man\u00e1 regres\u00f3 al escenario para interpretar sus \u00e9xitos\u00a0<strong>Labios compartidos<\/strong>\u00a0y\u00a0<strong>El muelle de San Blas<\/strong>.<\/p>\n<p>El actor espa\u00f1ol Asier Etxeandia cant\u00f3\u00a0<strong>Pa&#8217; todo el a\u00f1o,<\/strong>\u00a0de Jos\u00e9 Alfredo Jim\u00e9nez, y\u00a0<strong>Pavo Real<\/strong>, de El Puma. Los colombianos de Morat presentaron un n\u00famero musical con\u00a0<strong>Quiz\u00e1s, quiz\u00e1s, quiz\u00e1s<\/strong>\u00a0y\u00a0<strong>Lucha de gigantes<\/strong>, as\u00ed como su \u00e9xito\u00a0<strong>C\u00f3mo te atreves<\/strong>. Tambi\u00e9n hubo n\u00fameros de Mal\u00fa con Axel y de los raperos Arkano y Azcin.<\/p>\n<p>La cinta espa\u00f1ola rodada en catal\u00e1n\u00a0<strong>Verano 1993<\/strong>, de Carla Sim\u00f3n y que cuenta la historia de una ni\u00f1a que pierde a sus padres a causa del sida, se llev\u00f3 el galard\u00f3n a la mejor \u00f3pera prima de ficci\u00f3n. La tambi\u00e9n espa\u00f1ola\u00a0<strong>Handia<\/strong>, de Aitor Arregi y Jon Gara\u00f1o y hablada en euskera sobre un gigante en el siglo XIX, se llev\u00f3 el Premio Platino al cine y educaci\u00f3n en valores.<\/p>\n<p>El premio a la mejor pel\u00edcula documental fue para<strong>\u00a0Muchos hijos, un mono y un castillo<\/strong>, del espa\u00f1ol Gustavo Salmer\u00f3n, quien retrata a su madre, la cual ve cumplidos sus deseos de tener una familia numerosa, un mono y un castillo y al mismo tiempo se enfrenta con la crisis econ\u00f3mica.<\/p>\n<p><strong>Zama,<\/strong>\u00a0de la directora argentina Lucrecia Martel, se impuso en las categor\u00edas t\u00e9cnicas cosechando premios por su direcci\u00f3n de montaje, direcci\u00f3n de arte, direcci\u00f3n de fotograf\u00eda y direcci\u00f3n de sonido. Basada en una novela de Antonio Di Benedetto de 1956, presenta a un oficial espa\u00f1ol en la despoblada provincia Argentina del siglo XVIII a la espera de ser transferido a Buenos Aires, interpretado por Daniel Gim\u00e9nez Cacho.<\/p>\n<p>Los Platino, promovidos por EGEDA (Entidad de Gesti\u00f3n de Derechos de los Productores Audiovisuales) y FIPCA (Federaci\u00f3n Iberoamericana de Productores Cinematogr\u00e1ficos y Audiovisuales), cuentan con el apoyo de las Academias e Institutos de cine iberoamericanos, Latin Artis y la Fundaci\u00f3n AISGE y trabajan para lograr la promoci\u00f3n y difusi\u00f3n del cine iberoamericano.<\/p>\n","protected":false},"excerpt":{"rendered":"<p>La chilena\u00a0Una mujer fant\u00e1stica\u00a0arras\u00f3 en los premios\u00a0a lo mejor del cine iberoamericano. La cinta chilena\u00a0Una mujer fant\u00e1stica\u00a0se coron\u00f3 el domingo como la mejor pel\u00edcula iberoamericana y m\u00e1xima ganadora de la noche en los\u00a0Premios Platino\u00a0con cinco estatuillas. El filme sobre el rechazo que enfrenta una mujer transexual despu\u00e9s de la muerte de su pareja le dio [&hellip;]<\/p>\n","protected":false},"author":1,"featured_media":59537,"comment_status":"closed","ping_status":"closed","sticky":false,"template":"","format":"standard","meta":{"_seopress_robots_primary_cat":"","_seopress_titles_title":"","_seopress_titles_desc":"","_seopress_robots_index":"","footnotes":""},"categories":[3],"tags":[21647,21645,21646],"class_list":{"0":"post-59536","1":"post","2":"type-post","3":"status-publish","4":"format-standard","5":"has-post-thumbnail","7":"category-cine-y-series","8":"tag-premios-a-lo-mejor-del-cine-iberoamericano","9":"tag-premios-platino-2018","10":"tag-todos-los-ganadores-de-los-premios-platino-2018"},"_links":{"self":[{"href":"https:\/\/www.cordobatimes.com\/showup\/wp-json\/wp\/v2\/posts\/59536","targetHints":{"allow":["GET"]}}],"collection":[{"href":"https:\/\/www.cordobatimes.com\/showup\/wp-json\/wp\/v2\/posts"}],"about":[{"href":"https:\/\/www.cordobatimes.com\/showup\/wp-json\/wp\/v2\/types\/post"}],"author":[{"embeddable":true,"href":"https:\/\/www.cordobatimes.com\/showup\/wp-json\/wp\/v2\/users\/1"}],"replies":[{"embeddable":true,"href":"https:\/\/www.cordobatimes.com\/showup\/wp-json\/wp\/v2\/comments?post=59536"}],"version-history":[{"count":0,"href":"https:\/\/www.cordobatimes.com\/showup\/wp-json\/wp\/v2\/posts\/59536\/revisions"}],"wp:featuredmedia":[{"embeddable":true,"href":"https:\/\/www.cordobatimes.com\/showup\/wp-json\/wp\/v2\/media\/59537"}],"wp:attachment":[{"href":"https:\/\/www.cordobatimes.com\/showup\/wp-json\/wp\/v2\/media?parent=59536"}],"wp:term":[{"taxonomy":"category","embeddable":true,"href":"https:\/\/www.cordobatimes.com\/showup\/wp-json\/wp\/v2\/categories?post=59536"},{"taxonomy":"post_tag","embeddable":true,"href":"https:\/\/www.cordobatimes.com\/showup\/wp-json\/wp\/v2\/tags?post=59536"}],"curies":[{"name":"wp","href":"https:\/\/api.w.org\/{rel}","templated":true}]}}