{"id":59533,"date":"2018-04-30T11:12:27","date_gmt":"2018-04-30T14:12:27","guid":{"rendered":"http:\/\/www.cordobatimes.com\/showup\/?p=59533"},"modified":"2020-06-22T08:22:00","modified_gmt":"2020-06-22T11:22:00","slug":"comenzo-el-rodaje-de-la-tercera-temporada-de-stranger-things","status":"publish","type":"post","link":"https:\/\/www.cordobatimes.com\/showup\/cine-y-series\/2018\/04\/30\/comenzo-el-rodaje-de-la-tercera-temporada-de-stranger-things\/","title":{"rendered":"Comenz\u00f3 el rodaje de la tercera temporada de Stranger Things"},"content":{"rendered":"<h3><strong>El elenco de la serie de Netflix ha compartido im\u00e1genes tras bambalinas del rodaje de la tercera temporada.<\/strong><\/h3>\n<p>Ya est\u00e1 en marcha el rodaje de la tercera temporada de\u00a0<strong>Stranger Things<\/strong>.<\/p>\n<p><strong>Netflix<\/strong>\u00a0ha difundido a trav\u00e9s de redes sociales el arranque de las grabaciones con un v\u00eddeo con im\u00e1genes del reencuentro entre los rostros conocidos de la serie.<\/p>\n<blockquote class=\"twitter-video\" data-lang=\"es\">\n<p dir=\"ltr\" lang=\"en\">back at it, nerds. <a href=\"https:\/\/t.co\/DEkG0Ng5b1\">pic.twitter.com\/DEkG0Ng5b1<\/a><\/p>\n<p>\u2014 Stranger Things (@Stranger_Things) <a href=\"https:\/\/twitter.com\/Stranger_Things\/status\/989821458212782082?ref_src=twsrc%5Etfw\">27 de abril de 2018<\/a><\/p><\/blockquote>\n<p><script async src=\"https:\/\/platform.twitter.com\/widgets.js\" charset=\"utf-8\"><\/script><\/p>\n<p>Si bien a los hermanos Duffer se les complic\u00f3 el panorama este \u00faltimo tiempo debido a dos razones: por un lado, la realizaci\u00f3n de un gui\u00f3n que sea acorde con el crecimiento de los j\u00f3venes protagonistas, y por otro, la acusaci\u00f3n de pl\u00e1gio, han sabido sortear las dificultades y le han dado luz verde al proyecto.<\/p>\n<p>\u00c9sta no empezar\u00eda donde termin\u00f3 la anterior, sino que comenzar\u00e1 un a\u00f1o despu\u00e9s, transcurriendo la trama en 1985. Adem\u00e1s, constara de solo 8 episodios, tal como la anterior, pero para la tranquilidad de los fans, los productores han confirmado una cuarta temporada, que se espera para el a\u00f1o 2019.<\/p>\n<p>Adem\u00e1s, la nueva entrega contar con nuevas incorporaciones al elenco como Maya Hawke, hija de Ethan Hawke y Uma Thurman, y los actores Jake Busey y Cary Elwes. Elwes dar\u00e1 en vida al alcalde de Hawkings, un hombre que solo se mueve por inter\u00e9s y que dar\u00e1 vida a un pol\u00edtico embaucador al estilo de los a\u00f1os 80, y Busey, interpretar\u00e1 a Bruce, un periodista de 50 a\u00f1os sexista, con sobrepeso y desordenado. Maya Hawke dar\u00e1 vida a una chica alternativa aburrida con su trabajo.<\/p>\n<p>Mir\u00e1 las primeras im\u00e1genes compartidas por algunos de los actores.<\/p>\n<blockquote class=\"twitter-tweet\" data-lang=\"es\">\n<p dir=\"ltr\" lang=\"en\">Hey, we wanted to say hello! This is Hop and i&#8217;m El! Together we are Father and Daughter ? <a href=\"https:\/\/t.co\/mkKMhg4rBX\">pic.twitter.com\/mkKMhg4rBX<\/a><\/p>\n<p>\u2014 Millie Bobby Brown (@milliebbrown) <a href=\"https:\/\/twitter.com\/milliebbrown\/status\/989715893612560384?ref_src=twsrc%5Etfw\">27 de abril de 2018<\/a><\/p><\/blockquote>\n<p><script async src=\"https:\/\/platform.twitter.com\/widgets.js\" charset=\"utf-8\"><\/script><\/p>\n<blockquote class=\"twitter-tweet\" data-lang=\"es\">\n<p dir=\"ltr\" lang=\"en\">Next stop: Hawkins, Indiana <a href=\"https:\/\/twitter.com\/hashtag\/strangerthings3?src=hash&amp;ref_src=twsrc%5Etfw\">#strangerthings3<\/a> <a href=\"https:\/\/t.co\/Cg1zlI5NFv\">pic.twitter.com\/Cg1zlI5NFv<\/a><\/p>\n<p>\u2014 Shawn Levy (@ShawnLevyDirect) <a href=\"https:\/\/twitter.com\/ShawnLevyDirect\/status\/986983778022117377?ref_src=twsrc%5Etfw\">19 de abril de 2018<\/a><\/p><\/blockquote>\n<p><script async src=\"https:\/\/platform.twitter.com\/widgets.js\" charset=\"utf-8\"><\/script><\/p>\n<blockquote class=\"twitter-tweet\" data-lang=\"es\">\n<p dir=\"ltr\" lang=\"en\">No spoilers, but guys, ST3? Holy sh\u2014\u2014\u2014!@milliebbrown <a href=\"https:\/\/t.co\/x3XHG0UZ5W\">pic.twitter.com\/x3XHG0UZ5W<\/a><\/p>\n<p>\u2014 Shawn Levy (@ShawnLevyDirect) <a href=\"https:\/\/twitter.com\/ShawnLevyDirect\/status\/987508923057016834?ref_src=twsrc%5Etfw\">21 de abril de 2018<\/a><\/p><\/blockquote>\n<p><script async src=\"https:\/\/platform.twitter.com\/widgets.js\" charset=\"utf-8\"><\/script><\/p>\n","protected":false},"excerpt":{"rendered":"<p>El elenco de la serie de Netflix ha compartido im\u00e1genes tras bambalinas del rodaje de la tercera temporada. Ya est\u00e1 en marcha el rodaje de la tercera temporada de\u00a0Stranger Things. Netflix\u00a0ha difundido a trav\u00e9s de redes sociales el arranque de las grabaciones con un v\u00eddeo con im\u00e1genes del reencuentro entre los rostros conocidos de la [&hellip;]<\/p>\n","protected":false},"author":1,"featured_media":59534,"comment_status":"closed","ping_status":"closed","sticky":false,"template":"","format":"standard","meta":{"_seopress_robots_primary_cat":"","_seopress_titles_title":"","_seopress_titles_desc":"","_seopress_robots_index":"","footnotes":""},"categories":[3],"tags":[21691,18712],"class_list":{"0":"post-59533","1":"post","2":"type-post","3":"status-publish","4":"format-standard","5":"has-post-thumbnail","7":"category-cine-y-series","8":"tag-rodaje-de-la-tercera-temporada-de-stranger-things","9":"tag-tercera-temporada-de-stranger-things"},"_links":{"self":[{"href":"https:\/\/www.cordobatimes.com\/showup\/wp-json\/wp\/v2\/posts\/59533","targetHints":{"allow":["GET"]}}],"collection":[{"href":"https:\/\/www.cordobatimes.com\/showup\/wp-json\/wp\/v2\/posts"}],"about":[{"href":"https:\/\/www.cordobatimes.com\/showup\/wp-json\/wp\/v2\/types\/post"}],"author":[{"embeddable":true,"href":"https:\/\/www.cordobatimes.com\/showup\/wp-json\/wp\/v2\/users\/1"}],"replies":[{"embeddable":true,"href":"https:\/\/www.cordobatimes.com\/showup\/wp-json\/wp\/v2\/comments?post=59533"}],"version-history":[{"count":0,"href":"https:\/\/www.cordobatimes.com\/showup\/wp-json\/wp\/v2\/posts\/59533\/revisions"}],"wp:featuredmedia":[{"embeddable":true,"href":"https:\/\/www.cordobatimes.com\/showup\/wp-json\/wp\/v2\/media\/59534"}],"wp:attachment":[{"href":"https:\/\/www.cordobatimes.com\/showup\/wp-json\/wp\/v2\/media?parent=59533"}],"wp:term":[{"taxonomy":"category","embeddable":true,"href":"https:\/\/www.cordobatimes.com\/showup\/wp-json\/wp\/v2\/categories?post=59533"},{"taxonomy":"post_tag","embeddable":true,"href":"https:\/\/www.cordobatimes.com\/showup\/wp-json\/wp\/v2\/tags?post=59533"}],"curies":[{"name":"wp","href":"https:\/\/api.w.org\/{rel}","templated":true}]}}