{"id":59439,"date":"2018-04-25T10:45:38","date_gmt":"2018-04-25T13:45:38","guid":{"rendered":"http:\/\/www.cordobatimes.com\/showup\/?p=59439"},"modified":"2020-06-23T11:49:54","modified_gmt":"2020-06-23T14:49:54","slug":"llega-la-serie-animada-de-rapido-y-furioso-a-netflix","status":"publish","type":"post","link":"https:\/\/www.cordobatimes.com\/showup\/cine-y-series\/2018\/04\/25\/llega-la-serie-animada-de-rapido-y-furioso-a-netflix\/","title":{"rendered":"Llega  la serie animada de \u201cR\u00e1pido y Furioso\u201d a Netflix"},"content":{"rendered":"<h3><strong>El proyecto estar\u00e1 a cargo de DreamWork. Vin Diesel, Neal Moritz y Chris Morgan, ser\u00e1n los productores.\u00a0<\/strong><\/h3>\n<p>La plataforma digital Netflix y el estudio DreamWork trabajar\u00e1n de la mano para crear una serie de animaci\u00f3n sobre la famosa y exitosa saga de acci\u00f3n y autom\u00f3viles\u00a0<strong>R\u00e1pido y Furioso<\/strong>.<\/p>\n<p>Netflix y Dreamworks explicaron hoy en un comunicado conjunto que esta producci\u00f3n animada girar\u00e1 en torno a Tony Toretto, un adolescente que sigue los pasos de su primo Dominic Toretto (Vin Diesel en las pel\u00edculas) y sus amigos cuando se infiltran en una competici\u00f3n de carreras que sirve como tapadera para una organizaci\u00f3n criminal.<\/p>\n<p>Vin Diesel, Neal Moritz y Chris Morgan, que ya trabajaron detr\u00e1s de las c\u00e1maras para desarrollar la saga de pel\u00edculas\u00a0<strong>R\u00e1pido y Furioso,<\/strong>\u00a0figurar\u00e1n ahora como productores ejecutivos de esta serie de animaci\u00f3n.<\/p>\n<div class=\"body\">\n<p>\u00abEstamos emocionados de llevar al siguiente nivel nuestra fant\u00e1stica asociaci\u00f3n con DreamWorks Animation con nuevas oportunidades de la gran colecci\u00f3n de Universal Pictures\u00bb, dijo la vicepresidenta del contenido para familias y ni\u00f1os en Netflix, Melissa Cobb.\u00bbLa saga &#8216;<strong>R\u00e1pido y Furioso<\/strong>\u00bb es un fen\u00f3meno global adorado por el p\u00fablico de todas las edades, y estamos deseando empezar esta nueva serie animada que capturar\u00e1 la acci\u00f3n, el coraz\u00f3n, el humor y el atractivo global de las pel\u00edculas\u00bb, a\u00f1adi\u00f3.<\/p>\n<p>\u00abNuestro nuevo hogar en Universal marca un excitante nuevo comienzo para contar historias en nuestro estudio, y &#8216;<strong>R\u00e1pido y Furioso<\/strong>\u00bb es solo el comienzo\u00bb, indic\u00f3 la presidenta de DreamWorks Animation Television, Margie Cohn.<\/p>\n<p>La compa\u00f1\u00eda Comcast, propietaria de Universal Pictures, anunci\u00f3 en 2016 un acuerdo para comprar los estudios de cine DreamWorks Animation por unos 3.800 millones de d\u00f3lares.<\/p>\n<h3 class=\"SubTitulo\"><strong>Las cifras<\/strong><\/h3>\n<p>En total, los ocho filmes hasta ahora de\u00a0<strong>R\u00e1pido y Furioso<\/strong>\u00a0ingresaron 5.132 millones de d\u00f3lares, seg\u00fan los datos del portal Box Office Mojo.<\/p>\n<p>El octavo largometraje de\u00a0<strong>R\u00e1pido y Furios<\/strong>o, que se estren\u00f3 en abril de 2017 cont\u00f3 con Vin Diesel, Charlize Theron, Dwayne \u00abThe Rock\u00bb Johnson y Jason Statham como protagonistas y recaud\u00f3 en todo el mundo 1.236 millones de d\u00f3lares.<\/p>\n<p>Esta pel\u00edcula bati\u00f3 el r\u00e9cord del estreno m\u00e1s taquillero de la historia al lograr 542 millones de d\u00f3lares en su primer fin de semana en la gran pantalla en todo el mundo.<\/p>\n<\/div>\n<div class=\"ng-isolate-scope\"><\/div>\n","protected":false},"excerpt":{"rendered":"<p>El proyecto estar\u00e1 a cargo de DreamWork. Vin Diesel, Neal Moritz y Chris Morgan, ser\u00e1n los productores.\u00a0 La plataforma digital Netflix y el estudio DreamWork trabajar\u00e1n de la mano para crear una serie de animaci\u00f3n sobre la famosa y exitosa saga de acci\u00f3n y autom\u00f3viles\u00a0R\u00e1pido y Furioso. Netflix y Dreamworks explicaron hoy en un comunicado [&hellip;]<\/p>\n","protected":false},"author":1,"featured_media":59440,"comment_status":"closed","ping_status":"closed","sticky":false,"template":"","format":"standard","meta":{"_seopress_robots_primary_cat":"","_seopress_titles_title":"","_seopress_titles_desc":"","_seopress_robots_index":"","footnotes":""},"categories":[3],"tags":[21582],"class_list":{"0":"post-59439","1":"post","2":"type-post","3":"status-publish","4":"format-standard","5":"has-post-thumbnail","7":"category-cine-y-series","8":"tag-serie-animada-de-rapido-y-furioso"},"_links":{"self":[{"href":"https:\/\/www.cordobatimes.com\/showup\/wp-json\/wp\/v2\/posts\/59439","targetHints":{"allow":["GET"]}}],"collection":[{"href":"https:\/\/www.cordobatimes.com\/showup\/wp-json\/wp\/v2\/posts"}],"about":[{"href":"https:\/\/www.cordobatimes.com\/showup\/wp-json\/wp\/v2\/types\/post"}],"author":[{"embeddable":true,"href":"https:\/\/www.cordobatimes.com\/showup\/wp-json\/wp\/v2\/users\/1"}],"replies":[{"embeddable":true,"href":"https:\/\/www.cordobatimes.com\/showup\/wp-json\/wp\/v2\/comments?post=59439"}],"version-history":[{"count":0,"href":"https:\/\/www.cordobatimes.com\/showup\/wp-json\/wp\/v2\/posts\/59439\/revisions"}],"wp:featuredmedia":[{"embeddable":true,"href":"https:\/\/www.cordobatimes.com\/showup\/wp-json\/wp\/v2\/media\/59440"}],"wp:attachment":[{"href":"https:\/\/www.cordobatimes.com\/showup\/wp-json\/wp\/v2\/media?parent=59439"}],"wp:term":[{"taxonomy":"category","embeddable":true,"href":"https:\/\/www.cordobatimes.com\/showup\/wp-json\/wp\/v2\/categories?post=59439"},{"taxonomy":"post_tag","embeddable":true,"href":"https:\/\/www.cordobatimes.com\/showup\/wp-json\/wp\/v2\/tags?post=59439"}],"curies":[{"name":"wp","href":"https:\/\/api.w.org\/{rel}","templated":true}]}}