{"id":59392,"date":"2018-04-20T17:04:02","date_gmt":"2018-04-20T20:04:02","guid":{"rendered":"http:\/\/www.cordobatimes.com\/showup\/?p=59392"},"modified":"2020-06-23T12:28:10","modified_gmt":"2020-06-23T15:28:10","slug":"a-los-28-anos-murio-el-dj-sueco-avicii","status":"publish","type":"post","link":"https:\/\/www.cordobatimes.com\/showup\/musica\/2018\/04\/20\/a-los-28-anos-murio-el-dj-sueco-avicii\/","title":{"rendered":"A los 28 a\u00f1os muri\u00f3 el DJ sueco Avicii"},"content":{"rendered":"<h3><strong>\u00abFue encontrado muerto en la capital de Om\u00e1n\u00bb, confirm\u00f3 su representante. Durante a\u00f1os hab\u00eda sufrido problemas de salud por un consumo excesivo de alcohol.<\/strong><\/h3>\n<div id=\"article-content\">\n<div class=\"row\">\n<div class=\"col-xs-12 col-print-12\">\n<p class=\"element element-paragraph\">El DJ y productor sueco Avicii muri\u00f3 este viernes en Om\u00e1n, seg\u00fan revel\u00f3\u00a0su representante sin precisar las causas de su fallecimiento. Ten\u00eda 28 a\u00f1os.<\/p>\n<\/div>\n<\/div>\n<div class=\"row\">\n<div class=\"col-xs-12 col-print-12\">\n<p class=\"element element-paragraph\"><strong>\u00abCon profunda pena anunciamos la p\u00e9rdida de Tim Bergling, tambi\u00e9n conocido como Avicii\u00bb<\/strong>,\u00a0se\u00f1al\u00f3 la declaraci\u00f3n del m\u00e1nager. \u00abFue encontrado muerto en Muscat, Om\u00e1n, este viernes por la tarde.\u00a0<strong>La familia est\u00e1 devastada y les pedimos a todos que respeten su necesidad de privacidad en este momento dif\u00edcil. No se dar\u00e1n m\u00e1s declaraciones\u00bb.<\/strong><\/p>\n<\/div>\n<\/div>\n<div class=\"row\">\n<div class=\"col-xs-12 col-print-12\">\n<p class=\"element element-paragraph\">A mediados\u00a0de 2016 se hab\u00eda retirado de la actuaci\u00f3n en vivo por razones de salud.\u00a0<strong>Su \u00faltimo recital fue el 28 de agosto de 2016 en Ibiza, Espa\u00f1a.<\/strong><\/p>\n<\/div>\n<\/div>\n<div class=\"row\">\n<div class=\"col-xs-12 col-print-12\">\n<p class=\"element element-paragraph\"><a href=\"http:\/\/variety.com\/2018\/music\/news\/avicii-dead-at-28-1202772767\/\">Seg\u00fan la revista\u00a0<em>Variety<\/em><\/a>, durante varios a\u00f1os hab\u00eda\u00a0sufrido problemas m\u00e9dicos,\u00a0como una\u00a0<strong>pancreatitis aguda,\u00a0originados, en parte, por un\u00a0consumo excesivo de alcohol.<\/strong>En 2014 le extrajeron la ves\u00edcula biliar y el ap\u00e9ndice.<\/p>\n<\/div>\n<\/div>\n<div class=\"row\">\n<div id=\"\" class=\"wrapper clearfix pb-feature pb-layout-item pb-f-ads-dfp no-align\">\n<div class=\"border-bottom-\"><\/div>\n<\/div>\n<div class=\"element element-rawhtml col-xs-12\"><iframe loading=\"lazy\" src=\"https:\/\/www.youtube.com\/embed\/_ovdm2yX4MA?feature=oembed\" width=\"840\" height=\"473\" frameborder=\"0\" allowfullscreen=\"allowfullscreen\" data-mce-fragment=\"1\"><\/iframe><\/div>\n<\/div>\n<div class=\"row\">\n<div class=\"col-xs-12 col-print-12\">\n<p class=\"element element-paragraph\">En 2017, un a\u00f1o despu\u00e9s de anunciar su retiro de los escenarios,\u00a0public\u00f3 la siguiente carta en su sitio web:<\/p>\n<\/div>\n<\/div>\n<div class=\"row\">\n<div class=\"col-xs-12 col-print-12\">\n<p class=\"element element-paragraph\"><em>\u00abTODOS ALCANZAMOS UN PUNTO EN NUESTRAS VIDAS Y CARRERAS DONDE ENTENDEMOS LO QUE M\u00c1S NOS IMPORTA.<br \/>\n<\/em><br \/>\n<em>Para m\u00ed es crear m\u00fasica. Para eso vivo, para lo que siento que nac\u00ed para hacer.<\/em><br \/>\n<em>El a\u00f1o pasado dej\u00e9 de tocar en vivo, y muchos de ustedes pensaron que era eso. Pero el final de la vida nunca signific\u00f3 el final de Avicii o mi m\u00fasica. En cambio, volv\u00ed al lugar donde todo ten\u00eda sentido: el estudio.<\/em><br \/>\n<em>La siguiente etapa ser\u00e1 sobre mi amor por hacer m\u00fasica para ustedes. Es el comienzo de algo nuevo.<\/em><br \/>\n<em>Espero que lo disfruten tanto como yo\u00bb<\/em>.<\/p>\n<p><img alt=\"\" loading=\"lazy\" decoding=\"async\" class=\"alignnone size-full wp-image-62123\" src=\"https:\/\/www.cordobatimes.com\/showup\/wp-content\/uploads\/2018\/04\/Nombre-2.jpg\" alt=\"\" width=\"623\" height=\"348\" \/><\/p>\n<div class=\"share-button facebook\" data-url=\"http:\/\/www.infobae.com\/america\/entretenimiento\/2018\/04\/20\/murio-a-los-28-anos-el-dj-sueco-avicii\/%23QAQOYFYBY5DJVDGPDXRFM4R2WY\" data-original=\"https:\/\/s3.amazonaws.com\/arc-wordpress-client-uploads\/infobae-wp\/wp-content\/uploads\/2018\/04\/20143612\/avicii-2.jpg\"><\/div>\n<\/div>\n<p>&nbsp;<\/p>\n<\/div>\n<\/div>\n<div class=\"row\">\n<div class=\"col-xs-12 col-print-12\">\n<p class=\"element element-paragraph\">Avicii\u00a0fue uno de los primeros DJ que gan\u00f3 una popularidad inmensa mientras la m\u00fasica electr\u00f3nica pasaba en la \u00faltima d\u00e9cada de las discotecas al Top 40 de la radio.<\/p>\n<\/div>\n<\/div>\n<div class=\"row\">\n<div class=\"col-xs-12 col-print-12\">\n<p class=\"element element-paragraph\">Sus mayores hits incluyen \u00abLevels\u00bb, \u00abHey Brother\u00bb y \u00abWake Me Up\u00bb, n\u00famero uno en Europa en 2013, con el cantante de soul Aloe Blacc.<\/p>\n<\/div>\n<\/div>\n<div class=\"row\">\n<div class=\"col-xs-12 col-print-12\">\n<p class=\"element element-paragraph\">Durante a\u00f1os fue uno de los m\u00fasicos de electr\u00f3nica m\u00e1s lucrativos: en 2016 qued\u00f3 en el puesto n\u00famero 12 de la lista de DJ mejor pagados de\u00a0<em>Forbes,<\/em>\u00a0quien estim\u00f3 que hab\u00eda ganado 14,5 millones de d\u00f3lares el a\u00f1o anterior.<\/p>\n<p><img alt=\"\" loading=\"lazy\" decoding=\"async\" class=\"alignnone size-full wp-image-62124\" src=\"https:\/\/www.cordobatimes.com\/showup\/wp-content\/uploads\/2018\/04\/Nombre-3.jpg\" alt=\"\" width=\"617\" height=\"351\" \/> <img alt=\"\" loading=\"lazy\" decoding=\"async\" class=\"alignnone size-full wp-image-62125\" src=\"https:\/\/www.cordobatimes.com\/showup\/wp-content\/uploads\/2018\/04\/Nombre1.jpg\" alt=\"\" width=\"617\" height=\"535\" srcset=\"https:\/\/www.cordobatimes.com\/showup\/wp-content\/uploads\/2018\/04\/Nombre1.jpg 617w, https:\/\/www.cordobatimes.com\/showup\/wp-content\/uploads\/2018\/04\/Nombre1-484x420.jpg 484w, https:\/\/www.cordobatimes.com\/showup\/wp-content\/uploads\/2018\/04\/Nombre1-534x462.jpg 534w\" sizes=\"auto, (max-width: 617px) 100vw, 617px\" \/> <img alt=\"\" loading=\"lazy\" decoding=\"async\" class=\"alignnone size-full wp-image-62126\" src=\"https:\/\/www.cordobatimes.com\/showup\/wp-content\/uploads\/2018\/04\/Nombre2.jpg\" alt=\"\" width=\"607\" height=\"317\" \/> <img alt=\"\" loading=\"lazy\" decoding=\"async\" class=\"alignnone size-full wp-image-62127\" src=\"https:\/\/www.cordobatimes.com\/showup\/wp-content\/uploads\/2018\/04\/Nombre3.jpg\" alt=\"\" width=\"610\" height=\"336\" \/><\/p>\n<\/div>\n<\/div>\n<div class=\"row\">\n<figure class=\"element element-image col-xs-12\">\n<div class=\"single-image\">\n<div class=\"shares\">\n<div class=\"share-button facebook\" data-url=\"http:\/\/www.infobae.com\/america\/entretenimiento\/2018\/04\/20\/murio-a-los-28-anos-el-dj-sueco-avicii\/%23WKGTD4NVJZAEJJ7A5NR3RSLDSQ\" data-original=\"https:\/\/s3.amazonaws.com\/arc-wordpress-client-uploads\/infobae-wp\/wp-content\/uploads\/2018\/04\/20143625\/avicii-3.jpg\"><\/div>\n<\/div>\n<\/div>\n<\/figure>\n<\/div>\n<div class=\"row\">\n<figure class=\"element element-image col-xs-12\">\n<div class=\"single-image\">\n<div class=\"shares\">\n<div class=\"share-button facebook\" data-url=\"http:\/\/www.infobae.com\/america\/entretenimiento\/2018\/04\/20\/murio-a-los-28-anos-el-dj-sueco-avicii\/%23DEPYP4FSNJE6BBSHECQKNDSO5Q\" data-original=\"https:\/\/s3.amazonaws.com\/arc-wordpress-client-uploads\/infobae-wp\/wp-content\/uploads\/2018\/04\/20143618\/avicii-1.jpg\"><\/div>\n<\/div>\n<\/div><figcaption class=\"\"><\/figcaption><\/figure>\n<\/div>\n<div class=\"row\">\n<figure class=\"element element-image col-xs-12\">\n<div class=\"single-image\">\n<div class=\"shares\">\n<div class=\"share-button facebook\" data-url=\"http:\/\/www.infobae.com\/america\/entretenimiento\/2018\/04\/20\/murio-a-los-28-anos-el-dj-sueco-avicii\/%235WG35YR5DZDR7HW6RRCKUOIHHU\" data-original=\"https:\/\/s3.amazonaws.com\/arc-wordpress-client-uploads\/infobae-wp\/wp-content\/uploads\/2018\/04\/20143702\/avicii-4.jpg\"><\/div>\n<\/div>\n<p>&nbsp;<\/p>\n<\/div><figcaption class=\"\"><\/figcaption><\/figure>\n<\/div>\n<div class=\"row\">\n<figure class=\"element element-image col-xs-12\">\n<div class=\"single-image\">\n<div class=\"shares\">\n<div class=\"share-button facebook\" data-url=\"http:\/\/www.infobae.com\/america\/entretenimiento\/2018\/04\/20\/murio-a-los-28-anos-el-dj-sueco-avicii\/%23CMJUES6ROJH67MDSFRHGVFCIXU\" data-original=\"https:\/\/s3.amazonaws.com\/arc-wordpress-client-uploads\/infobae-wp\/wp-content\/uploads\/2018\/04\/20144056\/Avicii-11.jpg\"><\/div>\n<\/div>\n<p>&nbsp;<\/p>\n<\/div><figcaption class=\"\"><\/figcaption><\/figure>\n<\/div>\n<div class=\"row\">\n<figure class=\"element element-image col-xs-12\">\n<div class=\"single-image\">\n<div class=\"shares\">\n<div class=\"share-button facebook\" data-url=\"http:\/\/www.infobae.com\/america\/entretenimiento\/2018\/04\/20\/murio-a-los-28-anos-el-dj-sueco-avicii\/%23UMXAV7Y7AFDNNKW7L6JO63XYMM\" data-original=\"https:\/\/s3.amazonaws.com\/arc-wordpress-client-uploads\/infobae-wp\/wp-content\/uploads\/2018\/04\/20144027\/Avicii-7.jpg\"><\/div>\n<\/div>\n<p>&nbsp;<\/p>\n<\/div><figcaption class=\"\"><\/figcaption><\/figure>\n<\/div>\n<div class=\"row\">\n<figure class=\"element element-image col-xs-12\">\n<div class=\"single-image\">\n<div class=\"shares\">\n<div class=\"share-button facebook\" data-url=\"http:\/\/www.infobae.com\/america\/entretenimiento\/2018\/04\/20\/murio-a-los-28-anos-el-dj-sueco-avicii\/%23VTJAINGPTZH7ZMSV74FENKHIAI\" data-original=\"https:\/\/s3.amazonaws.com\/arc-wordpress-client-uploads\/infobae-wp\/wp-content\/uploads\/2018\/04\/20144021\/Avicii-61.jpg\"><\/div>\n<\/div>\n<p>&nbsp;<\/p>\n<\/div><figcaption class=\"\"><\/figcaption><\/figure>\n<\/div>\n<div class=\"row\">\n<figure class=\"element element-image col-xs-12\">\n<div class=\"single-image\">\n<div class=\"shares\">\n<div class=\"share-button facebook\" data-url=\"http:\/\/www.infobae.com\/america\/entretenimiento\/2018\/04\/20\/murio-a-los-28-anos-el-dj-sueco-avicii\/%23VA22TOXMXBEOXENEZF67K3BVUQ\" data-original=\"https:\/\/s3.amazonaws.com\/arc-wordpress-client-uploads\/infobae-wp\/wp-content\/uploads\/2018\/04\/20144010\/Avicii-51.jpg\"><\/div>\n<\/div>\n<p>&nbsp;<\/p>\n<\/div><figcaption class=\"\"><\/figcaption><\/figure>\n<\/div>\n<div class=\"row\">\n<figure class=\"element element-image col-xs-12\">\n<div class=\"single-image\">\n<div class=\"shares\">\n<div class=\"share-button facebook\" data-url=\"http:\/\/www.infobae.com\/america\/entretenimiento\/2018\/04\/20\/murio-a-los-28-anos-el-dj-sueco-avicii\/%23BDXA27RQDVC6JN43DOX4FWYFGU\" data-original=\"https:\/\/s3.amazonaws.com\/arc-wordpress-client-uploads\/infobae-wp\/wp-content\/uploads\/2018\/04\/20143958\/Avicii-41.jpg\"><\/div>\n<\/div>\n<p>&nbsp;<\/p>\n<\/div><figcaption class=\"\"><\/figcaption><\/figure>\n<\/div>\n<div class=\"row\">\n<figure class=\"element element-image col-xs-12\">\n<div class=\"single-image\">\n<div class=\"shares\">\n<div class=\"share-button facebook\" data-url=\"http:\/\/www.infobae.com\/america\/entretenimiento\/2018\/04\/20\/murio-a-los-28-anos-el-dj-sueco-avicii\/%23UZMDFLN3VVEOZFNDD6OKKE5IBM\" data-original=\"https:\/\/s3.amazonaws.com\/arc-wordpress-client-uploads\/infobae-wp\/wp-content\/uploads\/2018\/04\/20143949\/Avicii-31.jpg\"><\/div>\n<\/div>\n<p>&nbsp;<\/p>\n<\/div><figcaption class=\"\"><\/figcaption><\/figure>\n<\/div>\n<div class=\"row\">\n<figure class=\"element element-image col-xs-12\">\n<div class=\"single-image\">\n<div class=\"shares\">\n<div class=\"share-button facebook\" data-url=\"http:\/\/www.infobae.com\/america\/entretenimiento\/2018\/04\/20\/murio-a-los-28-anos-el-dj-sueco-avicii\/%23G7J7VGUD35B2HER6DWH225IDCA\" data-original=\"https:\/\/s3.amazonaws.com\/arc-wordpress-client-uploads\/infobae-wp\/wp-content\/uploads\/2018\/04\/20143938\/Avicii-21.jpg\"><\/div>\n<\/div>\n<p>&nbsp;<\/p>\n<\/div><figcaption class=\"\"><\/figcaption><\/figure>\n<\/div>\n<div class=\"row\">\n<figure class=\"element element-image col-xs-12\">\n<div class=\"single-image\">\n<div class=\"shares\">\n<div class=\"share-button facebook\" data-url=\"http:\/\/www.infobae.com\/america\/entretenimiento\/2018\/04\/20\/murio-a-los-28-anos-el-dj-sueco-avicii\/%23EYWPRLJGV5CGLICYFXBMFMW3VQ\" data-original=\"https:\/\/s3.amazonaws.com\/arc-wordpress-client-uploads\/infobae-wp\/wp-content\/uploads\/2018\/04\/20143925\/Avicii-1.png\"><\/div>\n<\/div>\n<p>&nbsp;<\/p>\n<\/div><figcaption class=\"\"><\/figcaption><\/figure>\n<\/div>\n<div class=\"row\">\n<figure class=\"element element-image col-xs-12\">\n<div class=\"single-image\">\n<div class=\"shares\">\n<div class=\"share-button facebook\" data-url=\"http:\/\/www.infobae.com\/america\/entretenimiento\/2018\/04\/20\/murio-a-los-28-anos-el-dj-sueco-avicii\/%23VZU7LPYDXRGNHOGW36OX427MTY\" data-original=\"https:\/\/s3.amazonaws.com\/arc-wordpress-client-uploads\/infobae-wp\/wp-content\/uploads\/2018\/04\/20143836\/avicii-6.jpg\"><\/div>\n<\/div>\n<p>&nbsp;<\/p>\n<\/div><figcaption class=\"\"><\/figcaption><\/figure>\n<\/div>\n<div class=\"row\">\n<figure class=\"element element-image col-xs-12\">\n<div class=\"single-image\">\n<div class=\"shares\">\n<div class=\"share-button facebook\" data-url=\"http:\/\/www.infobae.com\/america\/entretenimiento\/2018\/04\/20\/murio-a-los-28-anos-el-dj-sueco-avicii\/%23HAYTX5OR2JDZJCF4XVP5ZCA2NA\" data-original=\"https:\/\/s3.amazonaws.com\/arc-wordpress-client-uploads\/infobae-wp\/wp-content\/uploads\/2018\/04\/20143755\/avicii-5.jpg\"><\/div>\n<\/div>\n<p>&nbsp;<\/p>\n<\/div>\n<\/figure>\n<\/div>\n","protected":false},"excerpt":{"rendered":"<p>\u00abFue encontrado muerto en la capital de Om\u00e1n\u00bb, confirm\u00f3 su representante. Durante a\u00f1os hab\u00eda sufrido problemas de salud por un consumo excesivo de alcohol. El DJ y productor sueco Avicii muri\u00f3 este viernes en Om\u00e1n, seg\u00fan revel\u00f3\u00a0su representante sin precisar las causas de su fallecimiento. Ten\u00eda 28 a\u00f1os. \u00abCon profunda pena anunciamos la p\u00e9rdida de [&hellip;]<\/p>\n","protected":false},"author":1,"featured_media":59397,"comment_status":"closed","ping_status":"closed","sticky":false,"template":"","format":"standard","meta":{"_seopress_robots_primary_cat":"","_seopress_titles_title":"","_seopress_titles_desc":"","_seopress_robots_index":"","footnotes":""},"categories":[5],"tags":[21573,31983],"class_list":{"0":"post-59392","1":"post","2":"type-post","3":"status-publish","4":"format-standard","5":"has-post-thumbnail","7":"category-musica","8":"tag-dj-sueco-avicii","9":"tag-muerte-de-el-dj-sueco-avicii"},"_links":{"self":[{"href":"https:\/\/www.cordobatimes.com\/showup\/wp-json\/wp\/v2\/posts\/59392","targetHints":{"allow":["GET"]}}],"collection":[{"href":"https:\/\/www.cordobatimes.com\/showup\/wp-json\/wp\/v2\/posts"}],"about":[{"href":"https:\/\/www.cordobatimes.com\/showup\/wp-json\/wp\/v2\/types\/post"}],"author":[{"embeddable":true,"href":"https:\/\/www.cordobatimes.com\/showup\/wp-json\/wp\/v2\/users\/1"}],"replies":[{"embeddable":true,"href":"https:\/\/www.cordobatimes.com\/showup\/wp-json\/wp\/v2\/comments?post=59392"}],"version-history":[{"count":0,"href":"https:\/\/www.cordobatimes.com\/showup\/wp-json\/wp\/v2\/posts\/59392\/revisions"}],"wp:featuredmedia":[{"embeddable":true,"href":"https:\/\/www.cordobatimes.com\/showup\/wp-json\/wp\/v2\/media\/59397"}],"wp:attachment":[{"href":"https:\/\/www.cordobatimes.com\/showup\/wp-json\/wp\/v2\/media?parent=59392"}],"wp:term":[{"taxonomy":"category","embeddable":true,"href":"https:\/\/www.cordobatimes.com\/showup\/wp-json\/wp\/v2\/categories?post=59392"},{"taxonomy":"post_tag","embeddable":true,"href":"https:\/\/www.cordobatimes.com\/showup\/wp-json\/wp\/v2\/tags?post=59392"}],"curies":[{"name":"wp","href":"https:\/\/api.w.org\/{rel}","templated":true}]}}