{"id":59365,"date":"2018-04-18T13:09:59","date_gmt":"2018-04-18T16:09:59","guid":{"rendered":"http:\/\/www.cordobatimes.com\/showup\/?p=59365"},"modified":"2020-06-23T12:31:46","modified_gmt":"2020-06-23T15:31:46","slug":"llega-la-tercera-temporada-de-la-casa-de-papel","status":"publish","type":"post","link":"https:\/\/www.cordobatimes.com\/showup\/cine-y-series\/2018\/04\/18\/llega-la-tercera-temporada-de-la-casa-de-papel\/","title":{"rendered":"Llega la tercera temporada de La Casa de Papel"},"content":{"rendered":"<h3><strong>Desde la cuenta oficial de la serie de Netflix de la que todo el mundo est\u00e1 hablando se public\u00f3 la noticia que sorprendi\u00f3 a todos los fan\u00e1ticos.<\/strong><\/h3>\n<p>Un d\u00eda despu\u00e9s de que<strong>\u00a0Netflix<\/strong>\u00a0anunciara\u00a0 que\u00a0<strong>La Casa de Papel<\/strong>\u00a0es la serie m\u00e1s vista en la plataforma en pa\u00edses de habla no inglesa, los productores hicieron una reveladora declaraci\u00f3n en Twitter. Resulta que el creador de la serie, Alex Pina, ha comenzado la producci\u00f3n de una tercera temporada que contar\u00e1 con gran parte del elenco original y saldr\u00e1 al aire en Netflix el a\u00f1o que viene.<\/p>\n<blockquote class=\"twitter-tweet\" data-lang=\"es\">\n<p dir=\"ltr\" lang=\"es\">Comienza la cuenta atr\u00e1s. La parte 3 de <a href=\"https:\/\/twitter.com\/hashtag\/LaCasaDePapel?src=hash&amp;ref_src=twsrc%5Etfw\">#LaCasaDePapel<\/a> solo en Netflix en 2019. <a href=\"https:\/\/t.co\/nkd3XlAmGD\">pic.twitter.com\/nkd3XlAmGD<\/a><\/p>\n<p>\u2014 La Casa de Papel (@lacasadepapel) <a href=\"https:\/\/twitter.com\/lacasadepapel\/status\/986526806617591809?ref_src=twsrc%5Etfw\">18 de abril de 2018<\/a><\/p><\/blockquote>\n<p><script async src=\"https:\/\/platform.twitter.com\/widgets.js\" charset=\"utf-8\"><\/script><\/p>\n<p>Anunci\u00f3 la noticia fue el vicepresidente de Producci\u00f3n Original Internacional de la plataforma, Erick Barmack, quien adem\u00e1s destac\u00f3 la buena repercusi\u00f3n que La casa de papel tuvo alrededor del mundo.<\/p>\n<blockquote class=\"twitter-video\" data-lang=\"es\">\n<p dir=\"ltr\" lang=\"sl\">La ? Casa ? De ? Papel ? 3. ? K\u0131s\u0131m ? 2019&#8217;da ? Netflix&#8217;te ?? <a href=\"https:\/\/twitter.com\/hashtag\/LaCasaDePapel?src=hash&amp;ref_src=twsrc%5Etfw\">#LaCasaDePapel<\/a> <a href=\"https:\/\/t.co\/D4aqvvwuct\">pic.twitter.com\/D4aqvvwuct<\/a><\/p>\n<p>\u2014 Netflix T\u00fcrkiye (@netflixturkiye) <a href=\"https:\/\/twitter.com\/netflixturkiye\/status\/986536939493974016?ref_src=twsrc%5Etfw\">18 de abril de 2018<\/a><\/p><\/blockquote>\n<p><script async src=\"https:\/\/platform.twitter.com\/widgets.js\" charset=\"utf-8\"><\/script><\/p>\n<p>Por otro lado, \u00c1lvaro Morte, el actor que interpreta a El Profesor, confes\u00f3 sentirse \u201csobrecogido\u201d por el \u00e9xito mundial de su papel: \u00abHay gente en Argentina que se ha tatuado mi cara, es muy extra\u00f1a la sensaci\u00f3n de pasar de que no te conozcan en el mundo a eso\u00bb.<\/p>\n<p>En el elenco confirmado est\u00e1n \u00c1lvaro Morte, \u00darsula Corber\u00f3, Alba Flores y Paco Tous, pero a\u00fan no se conoce la trama. Adem\u00e1s, ya no contar\u00e1 con Antena 3 en la producci\u00f3n, sino que ser\u00e1 elaborada exclusivamente por Netflix.<\/p>\n<p>El rumor de una tercera temporada se desat\u00f3 a principios de \u00e9ste mes a trav\u00e9s de las redes sociales, y para la felicidad de los fans, est\u00e1 confirmad\u00edsimo que habr\u00e1 tercera temporada. \u00a1A esperar!<\/p>\n","protected":false},"excerpt":{"rendered":"<p>Desde la cuenta oficial de la serie de Netflix de la que todo el mundo est\u00e1 hablando se public\u00f3 la noticia que sorprendi\u00f3 a todos los fan\u00e1ticos. Un d\u00eda despu\u00e9s de que\u00a0Netflix\u00a0anunciara\u00a0 que\u00a0La Casa de Papel\u00a0es la serie m\u00e1s vista en la plataforma en pa\u00edses de habla no inglesa, los productores hicieron una reveladora declaraci\u00f3n [&hellip;]<\/p>\n","protected":false},"author":1,"featured_media":59366,"comment_status":"closed","ping_status":"closed","sticky":false,"template":"","format":"standard","meta":{"_seopress_robots_primary_cat":"","_seopress_titles_title":"","_seopress_titles_desc":"","_seopress_robots_index":"","footnotes":""},"categories":[3],"tags":[21558],"class_list":{"0":"post-59365","1":"post","2":"type-post","3":"status-publish","4":"format-standard","5":"has-post-thumbnail","7":"category-cine-y-series","8":"tag-tercera-temporada-de-la-casa-de-papel"},"_links":{"self":[{"href":"https:\/\/www.cordobatimes.com\/showup\/wp-json\/wp\/v2\/posts\/59365","targetHints":{"allow":["GET"]}}],"collection":[{"href":"https:\/\/www.cordobatimes.com\/showup\/wp-json\/wp\/v2\/posts"}],"about":[{"href":"https:\/\/www.cordobatimes.com\/showup\/wp-json\/wp\/v2\/types\/post"}],"author":[{"embeddable":true,"href":"https:\/\/www.cordobatimes.com\/showup\/wp-json\/wp\/v2\/users\/1"}],"replies":[{"embeddable":true,"href":"https:\/\/www.cordobatimes.com\/showup\/wp-json\/wp\/v2\/comments?post=59365"}],"version-history":[{"count":0,"href":"https:\/\/www.cordobatimes.com\/showup\/wp-json\/wp\/v2\/posts\/59365\/revisions"}],"wp:featuredmedia":[{"embeddable":true,"href":"https:\/\/www.cordobatimes.com\/showup\/wp-json\/wp\/v2\/media\/59366"}],"wp:attachment":[{"href":"https:\/\/www.cordobatimes.com\/showup\/wp-json\/wp\/v2\/media?parent=59365"}],"wp:term":[{"taxonomy":"category","embeddable":true,"href":"https:\/\/www.cordobatimes.com\/showup\/wp-json\/wp\/v2\/categories?post=59365"},{"taxonomy":"post_tag","embeddable":true,"href":"https:\/\/www.cordobatimes.com\/showup\/wp-json\/wp\/v2\/tags?post=59365"}],"curies":[{"name":"wp","href":"https:\/\/api.w.org\/{rel}","templated":true}]}}