{"id":59357,"date":"2018-04-18T09:05:11","date_gmt":"2018-04-18T12:05:11","guid":{"rendered":"http:\/\/www.cordobatimes.com\/showup\/?p=59357"},"modified":"2020-06-23T12:44:19","modified_gmt":"2020-06-23T15:44:19","slug":"novedades-de-belleza","status":"publish","type":"post","link":"https:\/\/www.cordobatimes.com\/showup\/moda-y-estilos\/2018\/04\/18\/novedades-de-belleza\/","title":{"rendered":"Novedades de belleza"},"content":{"rendered":"<h3 id=\"activar-la-propia-belleza-natural\" class=\"subtitulo-1\"><strong>Activar la propia belleza natural<\/strong><\/h3>\n<p class=\"capital\">A partir de la idea de que la naturaleza genera belleza, Natura relanz\u00f3 su l\u00ednea Ekos, basada en activos amaz\u00f3nicos. Todos los productos est\u00e1n elaborados con aceites y mantecas que se extraen sin procesos qu\u00edmicos de las semillas, pulpas y hojas de especies aut\u00f3ctonas. \u00abMuchos de los insumos qu\u00edmicos y sus residuos son muy t\u00f3xicos para la piel -explica Daniela Zimbardi, Gerente T\u00e9cnica Cient\u00edfica de Natura Brasil-, y cuando se mezclan con otros componentes se obtienen a su vez subcomponentes que tambi\u00e9n son perjudiciales. Por eso, usar ingredientes puros y totalmente naturales evita que la piel humana sea invadida con qu\u00edmicos o t\u00f3xicos\u00bb. En la familia de productos Ekos hay l\u00edneas de cuidado de la piel, tratamiento capilar, fragancias y protecci\u00f3n solar en base a activos como pitanga, cumar\u00fa, patau\u00e1, burit\u00ed, ucuuba y murumuru, entre otros. \u00abComo tenemos colaboradores muy pr\u00f3ximos a las comunidades de la Amazonia, tenemos acceso a mucha informaci\u00f3n sobre su cultura. Esto nos permite llevar a nuestros laboratorios novedades para conocer m\u00e1s los activos e identificar nuevos potenciales para la piel, el cabello o la perfumer\u00eda. Eso lo hacemos constantemente para estar siempre innovando en la elaboraci\u00f3n de nuestros productos\u00bb, cuenta Zimbardi.<\/p>\n<div id=\"caja_1\" class=\"banner caja\" data-dispositivo=\"mobile\" data-adtype=\"bigbox\"><\/div>\n<div id=\"caja_1\" class=\"banner caja\" data-dispositivo=\"tablet\" data-adtype=\"bigbox\"><\/div>\n<div id=\"modalOverlay\"><\/div>\n<figure id=\"figure_2666000\" class=\"L epigrafe\" data-is=\"imagen\"><picture><source srcset=\"\/\/bucket1.glanacion.com\/anexos\/fotos\/00\/2666000w740.jpg\" media=\"(min-width: 768px)\" \/><source srcset=\"\/\/bucket1.glanacion.com\/anexos\/fotos\/00\/2666000w768.jpg\" media=\"(min-width: 380px)\" \/><img decoding=\"async\" src=\"https:\/\/bucket1.glanacion.com\/anexos\/fotos\/00\/2666000w380.jpg\" alt=\".\" \/><\/picture><figcaption>.<\/figcaption><\/figure>\n<h2 id=\"efecto-mate-pero-aterciopelado\" class=\"subtitulo-1\">Efecto mate, pero aterciopelado<\/h2>\n<p>Desde que se pusieron de moda los labiales en tonos mate, la industria cosm\u00e9tica ha avanzado fren\u00e9ticamente hacia texturas que logren ese opaco perfecto sin resecar la piel ni hacer sentir tirantez. A los ya conocidos productos glossy ahora se suman los de la l\u00ednea Le Rouge Mat de Givenchy, que estrena una versi\u00f3n in\u00e9dita. Se trata de una f\u00f3rmula extraaterciopelada y fundente que permite que el pigmento se fusione amablemente en el labio, brindando una sensaci\u00f3n de suavidad, mientras que el efecto visual es de impecable acabado mate. La paleta que se propone para este invierno transita por los tonos intensos, con seis colores ultrapigmentados y luminosos: un nude con car\u00e1cter, un rosa viejo para dar look no-make-up, un rosa grafito, el cl\u00e1sico carm\u00edn potente, un p\u00farpura profundo y una opci\u00f3n retro en frambuesa, para un estilo atemporal: precio: $980.<\/p>\n<div id=\"middle\" class=\"banner middle-1 ad-slot\" data-dispositivo=\"desktop\" data-adtype=\"middle\">\n<div id=\"middle_ad\" data-google-query-id=\"CNvXvavOwtoCFQMVhwodSdEKVw\">\n<div id=\"google_ads_iframe_\/133919216\/lanacion\/nota\/middle_0__container__\"><\/div>\n<\/div>\n<\/div>\n<div id=\"modalOverlay\"><\/div>\n<figure id=\"figure_2666001\" class=\"L epigrafe\" data-is=\"imagen\"><picture><source srcset=\"\/\/bucket1.glanacion.com\/anexos\/fotos\/01\/2666001w740.jpg\" media=\"(min-width: 768px)\" \/><source srcset=\"\/\/bucket1.glanacion.com\/anexos\/fotos\/01\/2666001w768.jpg\" media=\"(min-width: 380px)\" \/><img decoding=\"async\" src=\"https:\/\/bucket1.glanacion.com\/anexos\/fotos\/01\/2666001w380.jpg\" alt=\".\" \/><\/picture><figcaption>.<\/figcaption><\/figure>\n<div id=\"middle\" class=\"banner middle-1\" data-dispositivo=\"mobile\" data-adtype=\"middle\"><\/div>\n<div id=\"caja_2\" class=\"banner caja\" data-dispositivo=\"tablet\" data-adtype=\"bigbox2\"><\/div>\n<h2 id=\"un-si-se-puede-para-los-rulos\" class=\"subtitulo-1\">Un \u00abs\u00ed, se puede\u00bb para los rulos<\/h2>\n<p>Darle forma a los rulos. Y que queden bien y dure el efecto. Quien tenga el pelo enrulado sabe lo dif\u00edcil que pueden volverse estas tres premisas, especialmente en esos d\u00edas en los que el clima no acompa\u00f1a. La crema moldeadora de rizos Moroccanoil, con aceite de arg\u00e1n, es una soluci\u00f3n a tener en cuenta. Sin restar movimiento, controla el peinado, aporta brillo al pelo y aumenta la resistencia a la humedad; precio: $1090.<\/p>\n<div id=\"middle_2\" class=\"banner middle-2 ad-slot\" data-dispositivo=\"desktop\" data-adtype=\"middle\"><\/div>\n<div id=\"modalOverlay\"><\/div>\n<figure id=\"figure_2665991\" class=\"L epigrafe\" data-is=\"imagen\"><picture><source srcset=\"\/\/bucket1.glanacion.com\/anexos\/fotos\/91\/2665991w740.jpg\" media=\"(min-width: 768px)\" \/><source srcset=\"\/\/bucket1.glanacion.com\/anexos\/fotos\/91\/2665991w768.jpg\" media=\"(min-width: 380px)\" \/><img decoding=\"async\" src=\"https:\/\/bucket1.glanacion.com\/anexos\/fotos\/91\/2665991w380.jpg\" alt=\".\" \/><\/picture><figcaption>.<\/figcaption><\/figure>\n<div id=\"caja_2\" class=\"banner caja\" data-dispositivo=\"mobile\" data-adtype=\"bigbox2\"><\/div>\n<h2 id=\"la-nueva-version-de-la-chica-buena\" class=\"subtitulo-1\">La nueva versi\u00f3n de la chica buena<\/h2>\n<p>\u00bfA qu\u00e9 huele la bondad? \u00bfY la malicia? Si tuvi\u00e9ramos que dar con el perfume del empoderamiento o de la osad\u00eda, \u00bfc\u00f3mo lo har\u00edamos? En la divisi\u00f3n fragancias de Carolina Herrera no solo se preguntaron esto sino que, adem\u00e1s, se propusieron responderlo al dise\u00f1ar los acordes de Good Girl Eau de Parfum L\u00e9g\u00e8re, una combinaci\u00f3n de s\u00e1ndalo con jazm\u00edn que suma un inesperado toque de dulce de leche; precio: $2780, EDP de 80 ml.<\/p>\n","protected":false},"excerpt":{"rendered":"<p>Activar la propia belleza natural A partir de la idea de que la naturaleza genera belleza, Natura relanz\u00f3 su l\u00ednea Ekos, basada en activos amaz\u00f3nicos. Todos los productos est\u00e1n elaborados con aceites y mantecas que se extraen sin procesos qu\u00edmicos de las semillas, pulpas y hojas de especies aut\u00f3ctonas. \u00abMuchos de los insumos qu\u00edmicos y [&hellip;]<\/p>\n","protected":false},"author":1,"featured_media":59358,"comment_status":"closed","ping_status":"closed","sticky":false,"template":"","format":"standard","meta":{"_seopress_robots_primary_cat":"","_seopress_titles_title":"","_seopress_titles_desc":"","_seopress_robots_index":"","footnotes":""},"categories":[228],"tags":[21550,21552],"class_list":{"0":"post-59357","1":"post","2":"type-post","3":"status-publish","4":"format-standard","5":"has-post-thumbnail","7":"category-moda-y-estilos","8":"tag-novedades-de-bellaza-2018","9":"tag-tendencias-de-belleza-2018"},"_links":{"self":[{"href":"https:\/\/www.cordobatimes.com\/showup\/wp-json\/wp\/v2\/posts\/59357","targetHints":{"allow":["GET"]}}],"collection":[{"href":"https:\/\/www.cordobatimes.com\/showup\/wp-json\/wp\/v2\/posts"}],"about":[{"href":"https:\/\/www.cordobatimes.com\/showup\/wp-json\/wp\/v2\/types\/post"}],"author":[{"embeddable":true,"href":"https:\/\/www.cordobatimes.com\/showup\/wp-json\/wp\/v2\/users\/1"}],"replies":[{"embeddable":true,"href":"https:\/\/www.cordobatimes.com\/showup\/wp-json\/wp\/v2\/comments?post=59357"}],"version-history":[{"count":0,"href":"https:\/\/www.cordobatimes.com\/showup\/wp-json\/wp\/v2\/posts\/59357\/revisions"}],"wp:featuredmedia":[{"embeddable":true,"href":"https:\/\/www.cordobatimes.com\/showup\/wp-json\/wp\/v2\/media\/59358"}],"wp:attachment":[{"href":"https:\/\/www.cordobatimes.com\/showup\/wp-json\/wp\/v2\/media?parent=59357"}],"wp:term":[{"taxonomy":"category","embeddable":true,"href":"https:\/\/www.cordobatimes.com\/showup\/wp-json\/wp\/v2\/categories?post=59357"},{"taxonomy":"post_tag","embeddable":true,"href":"https:\/\/www.cordobatimes.com\/showup\/wp-json\/wp\/v2\/tags?post=59357"}],"curies":[{"name":"wp","href":"https:\/\/api.w.org\/{rel}","templated":true}]}}