{"id":59330,"date":"2018-04-17T13:29:57","date_gmt":"2018-04-17T16:29:57","guid":{"rendered":"http:\/\/www.cordobatimes.com\/showup\/?p=59330"},"modified":"2020-06-23T12:47:02","modified_gmt":"2020-06-23T15:47:02","slug":"todo-listo-para-la-segunda-parte-de-it","status":"publish","type":"post","link":"https:\/\/www.cordobatimes.com\/showup\/cine-y-series\/2018\/04\/17\/todo-listo-para-la-segunda-parte-de-it\/","title":{"rendered":"Todo listo para la segunda parte de \u00abIt\u00bb"},"content":{"rendered":"<h3><strong>Con estreno para septiembre de 2019, la secuela de\u00a0It\u00a0ya tiene previsto inicio de rodaje y un nombre clave del elenco.\u00a0<\/strong><\/h3>\n<p>La adaptaci\u00f3n al cine de la novela\u00a0It\u00a0de\u00a0Stephen King\u00a0a cargo de\u00a0Andr\u00e9s Muschietti\u00a0fue una de las bombas cinematogr\u00e1ficas del a\u00f1o que pas\u00f3. Pensada en dos partes, la historia del payaso maligno y los ni\u00f1os que se lo cruzan prepara ahora su secuela, que comenzar\u00e1 a rodarse en julio nuevamente con direcci\u00f3n del argentino. \u00abEl guion est\u00e1 siendo terminado (por uno de los guionistas de la primera parte, Gary Dauberman) y se est\u00e1n buscando las locaciones\u00bb, dijo el productor Roy Lee al sitio\u00a0<strong>IndieWire<\/strong>.<\/p>\n<p>La segunda parte del libro de King ocurr\u00eda 27 a\u00f1os despu\u00e9s de los eventos originales, con los ni\u00f1os ya adultos. En ese sentido, uno de los protagonistas de\u00a0<strong>It: Chapter Two<\/strong>\u00a0(\u00abIt: Cap\u00edtulo Dos\u00bb) ser\u00eda\u00a0Jessica Chastain, que har\u00eda de la versi\u00f3n grande de Beverly Marsh, la \u00fanica mujer del Club de los Perdedores. Chastain hab\u00eda trabajado con Muschietti en el filme de terror\u00a0<strong>Mam\u00e1<\/strong>.<\/p>\n<p>\u00abAmo a Andy (Muschietti) y Barbara (Muschietti, hermana de Andr\u00e9s y productora). Son mis amigos, como una familia. Me interesar\u00e1 trabajar en cualquier cosa que ellos hagan. Espero que se concrete mi presencia en la segunda\u00a0<strong>It<\/strong>\u00ab, le hab\u00eda dicho la actriz al sitio\u00a0<strong>Screen Rant<\/strong>. Por lo pronto, la secuela ya tiene fecha de estreno: Llegar\u00e1 a los cines el 6 de septiembre de 2019.<\/p>\n","protected":false},"excerpt":{"rendered":"<p>Con estreno para septiembre de 2019, la secuela de\u00a0It\u00a0ya tiene previsto inicio de rodaje y un nombre clave del elenco.\u00a0 La adaptaci\u00f3n al cine de la novela\u00a0It\u00a0de\u00a0Stephen King\u00a0a cargo de\u00a0Andr\u00e9s Muschietti\u00a0fue una de las bombas cinematogr\u00e1ficas del a\u00f1o que pas\u00f3. Pensada en dos partes, la historia del payaso maligno y los ni\u00f1os que se lo [&hellip;]<\/p>\n","protected":false},"author":1,"featured_media":59331,"comment_status":"closed","ping_status":"closed","sticky":false,"template":"","format":"standard","meta":{"_seopress_robots_primary_cat":"","_seopress_titles_title":"","_seopress_titles_desc":"","_seopress_robots_index":"","footnotes":""},"categories":[3],"tags":[21520,21519,21518],"class_list":{"0":"post-59330","1":"post","2":"type-post","3":"status-publish","4":"format-standard","5":"has-post-thumbnail","7":"category-cine-y-series","8":"tag-novela-it-de-stephen-king","9":"tag-secuela-de-it","10":"tag-segunda-parte-de-it"},"_links":{"self":[{"href":"https:\/\/www.cordobatimes.com\/showup\/wp-json\/wp\/v2\/posts\/59330","targetHints":{"allow":["GET"]}}],"collection":[{"href":"https:\/\/www.cordobatimes.com\/showup\/wp-json\/wp\/v2\/posts"}],"about":[{"href":"https:\/\/www.cordobatimes.com\/showup\/wp-json\/wp\/v2\/types\/post"}],"author":[{"embeddable":true,"href":"https:\/\/www.cordobatimes.com\/showup\/wp-json\/wp\/v2\/users\/1"}],"replies":[{"embeddable":true,"href":"https:\/\/www.cordobatimes.com\/showup\/wp-json\/wp\/v2\/comments?post=59330"}],"version-history":[{"count":0,"href":"https:\/\/www.cordobatimes.com\/showup\/wp-json\/wp\/v2\/posts\/59330\/revisions"}],"wp:featuredmedia":[{"embeddable":true,"href":"https:\/\/www.cordobatimes.com\/showup\/wp-json\/wp\/v2\/media\/59331"}],"wp:attachment":[{"href":"https:\/\/www.cordobatimes.com\/showup\/wp-json\/wp\/v2\/media?parent=59330"}],"wp:term":[{"taxonomy":"category","embeddable":true,"href":"https:\/\/www.cordobatimes.com\/showup\/wp-json\/wp\/v2\/categories?post=59330"},{"taxonomy":"post_tag","embeddable":true,"href":"https:\/\/www.cordobatimes.com\/showup\/wp-json\/wp\/v2\/tags?post=59330"}],"curies":[{"name":"wp","href":"https:\/\/api.w.org\/{rel}","templated":true}]}}