{"id":59287,"date":"2018-04-12T11:32:04","date_gmt":"2018-04-12T14:32:04","guid":{"rendered":"http:\/\/www.cordobatimes.com\/showup\/?p=59287"},"modified":"2020-06-23T12:56:39","modified_gmt":"2020-06-23T15:56:39","slug":"sebastian-ortega-hara-un-docu-reality-de-charly-garcia","status":"publish","type":"post","link":"https:\/\/www.cordobatimes.com\/showup\/cine-y-series\/2018\/04\/12\/sebastian-ortega-hara-un-docu-reality-de-charly-garcia\/","title":{"rendered":"Sebasti\u00e1n Ortega har\u00e1 un docu-reality de Charly Garc\u00eda"},"content":{"rendered":"<h3><strong>Ser\u00e1 una nueva serie de National Geographic sobre la vida y obra de los principales \u00edconos populares de Am\u00e9rica Latina, con la producci\u00f3n de Underground.\u00a0<\/strong><\/h3>\n<div class=\"body\">\n<p>En esta nueva serie que se ver\u00e1 este mismo a\u00f1o, un cronista sigue los pasos de Charly Garc\u00eda durante un programa especial de dos horas basado en veinte horas de material. Este retrato de la se\u00f1al National Geographic\u00a0 tiene al mismo\u00a0 Charly participando en la producci\u00f3n para ordenar el material de archivo existente y compartir parte de su intimidad para la realizaci\u00f3n del especial sobre su vida y obra.<\/p>\n<p>\u201cCharly es un pr\u00f3cer de la m\u00fasica, un adelantado a su \u00e9poca, un artista \u00fanico, en donde su vida personal y su obra no pueden definirse una sin la otra; es un poeta referente de su tiempo y un orgullo nacional. Poder dar testimonio de las sensaciones que me despierta, a trav\u00e9s de este programa que realizamos para National Geographic, me genera un gran entusiasmo y mucha emoci\u00f3n\u201d, dijo Sebasti\u00e1n Ortega, Director General Underground Contenidos.<\/p>\n<\/div>\n","protected":false},"excerpt":{"rendered":"<p>Ser\u00e1 una nueva serie de National Geographic sobre la vida y obra de los principales \u00edconos populares de Am\u00e9rica Latina, con la producci\u00f3n de Underground.\u00a0 En esta nueva serie que se ver\u00e1 este mismo a\u00f1o, un cronista sigue los pasos de Charly Garc\u00eda durante un programa especial de dos horas basado en veinte horas de [&hellip;]<\/p>\n","protected":false},"author":1,"featured_media":59288,"comment_status":"closed","ping_status":"closed","sticky":false,"template":"","format":"standard","meta":{"_seopress_robots_primary_cat":"","_seopress_titles_title":"","_seopress_titles_desc":"","_seopress_robots_index":"","footnotes":""},"categories":[3],"tags":[21503],"class_list":{"0":"post-59287","1":"post","2":"type-post","3":"status-publish","4":"format-standard","5":"has-post-thumbnail","7":"category-cine-y-series","8":"tag-docu-reality-de-charly-garcia"},"_links":{"self":[{"href":"https:\/\/www.cordobatimes.com\/showup\/wp-json\/wp\/v2\/posts\/59287","targetHints":{"allow":["GET"]}}],"collection":[{"href":"https:\/\/www.cordobatimes.com\/showup\/wp-json\/wp\/v2\/posts"}],"about":[{"href":"https:\/\/www.cordobatimes.com\/showup\/wp-json\/wp\/v2\/types\/post"}],"author":[{"embeddable":true,"href":"https:\/\/www.cordobatimes.com\/showup\/wp-json\/wp\/v2\/users\/1"}],"replies":[{"embeddable":true,"href":"https:\/\/www.cordobatimes.com\/showup\/wp-json\/wp\/v2\/comments?post=59287"}],"version-history":[{"count":0,"href":"https:\/\/www.cordobatimes.com\/showup\/wp-json\/wp\/v2\/posts\/59287\/revisions"}],"wp:featuredmedia":[{"embeddable":true,"href":"https:\/\/www.cordobatimes.com\/showup\/wp-json\/wp\/v2\/media\/59288"}],"wp:attachment":[{"href":"https:\/\/www.cordobatimes.com\/showup\/wp-json\/wp\/v2\/media?parent=59287"}],"wp:term":[{"taxonomy":"category","embeddable":true,"href":"https:\/\/www.cordobatimes.com\/showup\/wp-json\/wp\/v2\/categories?post=59287"},{"taxonomy":"post_tag","embeddable":true,"href":"https:\/\/www.cordobatimes.com\/showup\/wp-json\/wp\/v2\/tags?post=59287"}],"curies":[{"name":"wp","href":"https:\/\/api.w.org\/{rel}","templated":true}]}}