{"id":5913,"date":"2013-12-20T14:25:29","date_gmt":"2013-12-20T17:25:29","guid":{"rendered":"http:\/\/cordobatimes.com\/showup\/?p=5913"},"modified":"2019-12-01T12:31:24","modified_gmt":"2019-12-01T15:31:24","slug":"marcelo-palacios-mostro-su-cuerpo-despues-de-bajar-60-kilos-foto","status":"publish","type":"post","link":"https:\/\/www.cordobatimes.com\/showup\/famosos\/2013\/12\/20\/marcelo-palacios-mostro-su-cuerpo-despues-de-bajar-60-kilos-foto\/","title":{"rendered":"Marcelo Palacios mostr\u00f3 su cuerpo despu\u00e9s de bajar 60 kilos (Foto)"},"content":{"rendered":"<h3 style=\"text-align: justify;\"><strong>El periodista deportivo no s\u00f3lo estren\u00f3 paternidad este a\u00f1o con el nacimiento de su hija \u00a0Juana sino tambi\u00e9n por su nuevo cuerpo tras bajar nada m\u00e1s ni nada menos que\u00a060 kilos. \u00a0<\/strong><\/h3>\n<p style=\"text-align: justify;\">Con una estricta dieta que comenz\u00f3 fundamentalmente por temas de salud, Marcelo Palacios, logr\u00f3 su cometido. \u00abAhora sigo aliment\u00e1ndome normalmente, nada m\u00e1s que en porciones m\u00e1s peque\u00f1as, porque tengo el aparato digestivo tambi\u00e9n m\u00e1s chico. Al margen de que contin\u00fao bajo la supervisi\u00f3n de dietistas, cirujanos y me someto a todos los estudios de rigor. Si yo quisiera comer empanadas, por ejemplo, puedo comer una y media porque ya siento la sensaci\u00f3n de saciedad. No pas\u00f3 hambre, en absoluto. Por un lado, como dije, tengo el est\u00f3mago m\u00e1s chico. Por otro lado, cambi\u00e9 el habito, ya que ahora selecciono lo que como. Digamos que\u00a0me volv\u00ed un &#8216;gourmet&#8217;, lo poco que como tiene que ser con prote\u00ednas, trato de que sea sano\u00bb,\u00a0le cont\u00f3 el periodista a Ciudad.com\u00a0en una extensa entrevista hace tres meses.<\/p>\n<div style=\"text-align: justify;\">Ahora con su f\u00edsico en excelente estado y los primeros calores que anuncian el verano,\u00a0\u00a0Marcelo Palacios\u00a0se puso la malla y su amigo\u00a0Alejandro Fantino\u00a0retrat\u00f3 la escena y\u00a0la comparti\u00f3 en Twitter. Recostado sobre una reposera junto a su colega\u00a0Daniel Fava.<\/div>\n<div style=\"text-align: justify;\"><\/div>\n<div style=\"text-align: justify;\"><a href=\"http:\/\/cordobatimes.com\/showup\/wp-content\/uploads\/2013\/12\/palacios-flaco.jpg\"><img loading=\"lazy\" decoding=\"async\" class=\"alignnone size-full wp-image-5965\" src=\"http:\/\/cordobatimes.com\/showup\/wp-content\/uploads\/2013\/12\/palacios-flaco.jpg\" alt=\"palacios flaco\" width=\"620\" height=\"467\" data-id=\"5965\" srcset=\"https:\/\/www.cordobatimes.com\/showup\/wp-content\/uploads\/2013\/12\/palacios-flaco.jpg 620w, https:\/\/www.cordobatimes.com\/showup\/wp-content\/uploads\/2013\/12\/palacios-flaco-300x225.jpg 300w\" sizes=\"auto, (max-width: 620px) 100vw, 620px\" \/><\/a><\/div>\n","protected":false},"excerpt":{"rendered":"<p>El periodista deportivo no s\u00f3lo estren\u00f3 paternidad este a\u00f1o con el nacimiento de su hija \u00a0Juana sino tambi\u00e9n por su nuevo cuerpo tras bajar nada m\u00e1s ni nada menos que\u00a060 kilos. \u00a0 Con una estricta dieta que comenz\u00f3 fundamentalmente por temas de salud, Marcelo Palacios, logr\u00f3 su cometido. \u00abAhora sigo aliment\u00e1ndome normalmente, nada m\u00e1s que [&hellip;]<\/p>\n","protected":false},"author":9,"featured_media":5963,"comment_status":"closed","ping_status":"closed","sticky":false,"template":"","format":"standard","meta":{"_seopress_robots_primary_cat":"","_seopress_titles_title":"","_seopress_titles_desc":"","_seopress_robots_index":"","footnotes":""},"categories":[4],"tags":[26433,26434],"class_list":{"0":"post-5913","1":"post","2":"type-post","3":"status-publish","4":"format-standard","5":"has-post-thumbnail","7":"category-famosos","8":"tag-marcelo-palacios-bajo-de-peso","9":"tag-marcelo-palacios-flaco"},"_links":{"self":[{"href":"https:\/\/www.cordobatimes.com\/showup\/wp-json\/wp\/v2\/posts\/5913","targetHints":{"allow":["GET"]}}],"collection":[{"href":"https:\/\/www.cordobatimes.com\/showup\/wp-json\/wp\/v2\/posts"}],"about":[{"href":"https:\/\/www.cordobatimes.com\/showup\/wp-json\/wp\/v2\/types\/post"}],"author":[{"embeddable":true,"href":"https:\/\/www.cordobatimes.com\/showup\/wp-json\/wp\/v2\/users\/9"}],"replies":[{"embeddable":true,"href":"https:\/\/www.cordobatimes.com\/showup\/wp-json\/wp\/v2\/comments?post=5913"}],"version-history":[{"count":0,"href":"https:\/\/www.cordobatimes.com\/showup\/wp-json\/wp\/v2\/posts\/5913\/revisions"}],"wp:featuredmedia":[{"embeddable":true,"href":"https:\/\/www.cordobatimes.com\/showup\/wp-json\/wp\/v2\/media\/5963"}],"wp:attachment":[{"href":"https:\/\/www.cordobatimes.com\/showup\/wp-json\/wp\/v2\/media?parent=5913"}],"wp:term":[{"taxonomy":"category","embeddable":true,"href":"https:\/\/www.cordobatimes.com\/showup\/wp-json\/wp\/v2\/categories?post=5913"},{"taxonomy":"post_tag","embeddable":true,"href":"https:\/\/www.cordobatimes.com\/showup\/wp-json\/wp\/v2\/tags?post=5913"}],"curies":[{"name":"wp","href":"https:\/\/api.w.org\/{rel}","templated":true}]}}