{"id":59052,"date":"2018-03-21T18:51:50","date_gmt":"2018-03-21T21:51:50","guid":{"rendered":"http:\/\/www.cordobatimes.com\/showup\/?p=59052"},"modified":"2020-06-20T21:25:30","modified_gmt":"2020-06-21T00:25:30","slug":"toda-la-discografia-de-la-mona-jimenez-estara-en-spotify","status":"publish","type":"post","link":"https:\/\/www.cordobatimes.com\/showup\/musica\/2018\/03\/21\/toda-la-discografia-de-la-mona-jimenez-estara-en-spotify\/","title":{"rendered":"Toda la  discograf\u00eda de La Mona Jim\u00e9nez estar\u00e1 en Spotify"},"content":{"rendered":"<h3><strong>La plataforma de streaming anunci\u00f3 que subir\u00e1 todos los discos del \u00eddolo cuartetero, desde\u00a0Sensacional\u00a0de 1969 hasta su m\u00e1s reciente producci\u00f3n.<\/strong><\/h3>\n<p>Spotify\u00a0acaba de anunciar que publicar\u00e1 la discograf\u00eda completa de\u00a0Carlitos \u00abLa Mona\u00bb Jim\u00e9nez\u00a0en su plataforma. En realidad, se trata de una acci\u00f3n que comenz\u00f3 en febrero y que se actualizar\u00e1 hasta llegar a todos los \u00e1lbumes grabados por el \u00eddolo del cuarteto.<\/p>\n<p>\u00abEl perfil oficial de La Mona Jim\u00e9nez, que cuenta con m\u00e1s de 35 mil seguidores y m\u00e1s de 100 mil oyentes mensuales, ya tiene disponible 52 de sus 89 discos\u00bb, anuncia el comunicado. \u00abLos 37 discos restantes de sus inicios como cantante se ir\u00e1n subiendo cada viernes hasta finales de mayo\u00bb.<\/p>\n<p>\u00abSignifica mucho para m\u00ed que cada una de mis canciones est\u00e9n cargadas en Spotify, es algo que nunca me habr\u00eda imaginado. Es incre\u00edble que con tan solo un clic los usuarios puedan acceder a cualquier momento de mi carrera, y desde cualquier lugar\u00bb, dijo por su parte Jim\u00e9nez.<\/p>\n<p>Spotify tambi\u00e9n comunic\u00f3 que est\u00e1 disponible su playlist \u00ab100% cuarteto\u00bb, con canciones representativas de varios artistas del g\u00e9nero.<\/p>\n","protected":false},"excerpt":{"rendered":"<p>La plataforma de streaming anunci\u00f3 que subir\u00e1 todos los discos del \u00eddolo cuartetero, desde\u00a0Sensacional\u00a0de 1969 hasta su m\u00e1s reciente producci\u00f3n. Spotify\u00a0acaba de anunciar que publicar\u00e1 la discograf\u00eda completa de\u00a0Carlitos \u00abLa Mona\u00bb Jim\u00e9nez\u00a0en su plataforma. En realidad, se trata de una acci\u00f3n que comenz\u00f3 en febrero y que se actualizar\u00e1 hasta llegar a todos los \u00e1lbumes [&hellip;]<\/p>\n","protected":false},"author":1,"featured_media":59053,"comment_status":"closed","ping_status":"closed","sticky":false,"template":"","format":"standard","meta":{"_seopress_robots_primary_cat":"","_seopress_titles_title":"","_seopress_titles_desc":"","_seopress_robots_index":"","footnotes":""},"categories":[5],"tags":[21310,21311],"class_list":{"0":"post-59052","1":"post","2":"type-post","3":"status-publish","4":"format-standard","5":"has-post-thumbnail","7":"category-musica","8":"tag-discografia-de-la-mona-jimenez","9":"tag-la-mona-jimenez-estara-en-spotify"},"_links":{"self":[{"href":"https:\/\/www.cordobatimes.com\/showup\/wp-json\/wp\/v2\/posts\/59052","targetHints":{"allow":["GET"]}}],"collection":[{"href":"https:\/\/www.cordobatimes.com\/showup\/wp-json\/wp\/v2\/posts"}],"about":[{"href":"https:\/\/www.cordobatimes.com\/showup\/wp-json\/wp\/v2\/types\/post"}],"author":[{"embeddable":true,"href":"https:\/\/www.cordobatimes.com\/showup\/wp-json\/wp\/v2\/users\/1"}],"replies":[{"embeddable":true,"href":"https:\/\/www.cordobatimes.com\/showup\/wp-json\/wp\/v2\/comments?post=59052"}],"version-history":[{"count":0,"href":"https:\/\/www.cordobatimes.com\/showup\/wp-json\/wp\/v2\/posts\/59052\/revisions"}],"wp:featuredmedia":[{"embeddable":true,"href":"https:\/\/www.cordobatimes.com\/showup\/wp-json\/wp\/v2\/media\/59053"}],"wp:attachment":[{"href":"https:\/\/www.cordobatimes.com\/showup\/wp-json\/wp\/v2\/media?parent=59052"}],"wp:term":[{"taxonomy":"category","embeddable":true,"href":"https:\/\/www.cordobatimes.com\/showup\/wp-json\/wp\/v2\/categories?post=59052"},{"taxonomy":"post_tag","embeddable":true,"href":"https:\/\/www.cordobatimes.com\/showup\/wp-json\/wp\/v2\/tags?post=59052"}],"curies":[{"name":"wp","href":"https:\/\/api.w.org\/{rel}","templated":true}]}}