{"id":59023,"date":"2018-03-19T11:55:06","date_gmt":"2018-03-19T14:55:06","guid":{"rendered":"http:\/\/www.cordobatimes.com\/showup\/?p=59023"},"modified":"2020-06-20T22:02:13","modified_gmt":"2020-06-21T01:02:13","slug":"llega-una-nueva-version-de-la-pelicula-de-terror-el-grito","status":"publish","type":"post","link":"https:\/\/www.cordobatimes.com\/showup\/cine-y-series\/2018\/03\/19\/llega-una-nueva-version-de-la-pelicula-de-terror-el-grito\/","title":{"rendered":"Llega una nueva versi\u00f3n de la pel\u00edcula  de terror \u00abEl Grito\u00bb"},"content":{"rendered":"<h3><strong>La compa\u00f1\u00eda Sony anunci\u00f3 el reboot de la historia.<\/strong><\/h3>\n<p>Acaba de anunciarse oficialmente que la pel\u00edcula de terror\u00a0<strong>El grito<\/strong>\u00a0(2004) tendr\u00e1 un reboot \u2013reinicio, en la jerga cin\u00e9fila-.<\/p>\n<p>La compa\u00f1\u00eda Sony Pictures har\u00e1 esta nueva vesi\u00f3n con Demian Bichir y Andrea Riseborough. Nicolas Pesce ser\u00e1 el encargado de dirigir y escribir el guion de una producci\u00f3n que comenzar\u00e1 en mayo y que a\u00fan no tiene una fecha de estreno.<\/p>\n<p>Raimi va a ser el productor al lado de Rob Tapert. \u00abEstamos muy contentos con esta nueva adaptaci\u00f3n\u00bb, dijo Raimi said. \u00abVolvemos al material original y la fuente de inspiraci\u00f3n para entregar una gran historia sobrenatural que explora los horrores del suburbio americano.\u00bb La pel\u00edcula original fue lanzada en 2004 y ten\u00eda a Sarah Michelle Gellar en el papel principal y fue un remake de la pel\u00edcula japonesa de horror\u00a0<strong>Ju-on<\/strong>.<\/p>\n<p><iframe loading=\"lazy\" src=\"https:\/\/www.youtube.com\/embed\/IITyDuprZYQ\" width=\"560\" height=\"315\" frameborder=\"0\" allowfullscreen=\"allowfullscreen\"><\/iframe><\/p>\n","protected":false},"excerpt":{"rendered":"<p>La compa\u00f1\u00eda Sony anunci\u00f3 el reboot de la historia. Acaba de anunciarse oficialmente que la pel\u00edcula de terror\u00a0El grito\u00a0(2004) tendr\u00e1 un reboot \u2013reinicio, en la jerga cin\u00e9fila-. La compa\u00f1\u00eda Sony Pictures har\u00e1 esta nueva vesi\u00f3n con Demian Bichir y Andrea Riseborough. Nicolas Pesce ser\u00e1 el encargado de dirigir y escribir el guion de una producci\u00f3n [&hellip;]<\/p>\n","protected":false},"author":1,"featured_media":59024,"comment_status":"closed","ping_status":"closed","sticky":false,"template":"","format":"standard","meta":{"_seopress_robots_primary_cat":"","_seopress_titles_title":"","_seopress_titles_desc":"","_seopress_robots_index":"","footnotes":""},"categories":[3],"tags":[21278,21277],"class_list":{"0":"post-59023","1":"post","2":"type-post","3":"status-publish","4":"format-standard","5":"has-post-thumbnail","7":"category-cine-y-series","8":"tag-nueva-version-de-el-grito","9":"tag-pelicula-de-terror-el-grito"},"_links":{"self":[{"href":"https:\/\/www.cordobatimes.com\/showup\/wp-json\/wp\/v2\/posts\/59023","targetHints":{"allow":["GET"]}}],"collection":[{"href":"https:\/\/www.cordobatimes.com\/showup\/wp-json\/wp\/v2\/posts"}],"about":[{"href":"https:\/\/www.cordobatimes.com\/showup\/wp-json\/wp\/v2\/types\/post"}],"author":[{"embeddable":true,"href":"https:\/\/www.cordobatimes.com\/showup\/wp-json\/wp\/v2\/users\/1"}],"replies":[{"embeddable":true,"href":"https:\/\/www.cordobatimes.com\/showup\/wp-json\/wp\/v2\/comments?post=59023"}],"version-history":[{"count":0,"href":"https:\/\/www.cordobatimes.com\/showup\/wp-json\/wp\/v2\/posts\/59023\/revisions"}],"wp:featuredmedia":[{"embeddable":true,"href":"https:\/\/www.cordobatimes.com\/showup\/wp-json\/wp\/v2\/media\/59024"}],"wp:attachment":[{"href":"https:\/\/www.cordobatimes.com\/showup\/wp-json\/wp\/v2\/media?parent=59023"}],"wp:term":[{"taxonomy":"category","embeddable":true,"href":"https:\/\/www.cordobatimes.com\/showup\/wp-json\/wp\/v2\/categories?post=59023"},{"taxonomy":"post_tag","embeddable":true,"href":"https:\/\/www.cordobatimes.com\/showup\/wp-json\/wp\/v2\/tags?post=59023"}],"curies":[{"name":"wp","href":"https:\/\/api.w.org\/{rel}","templated":true}]}}