{"id":58989,"date":"2018-03-15T13:36:05","date_gmt":"2018-03-15T16:36:05","guid":{"rendered":"http:\/\/www.cordobatimes.com\/showup\/?p=58989"},"modified":"2020-06-21T10:20:08","modified_gmt":"2020-06-21T13:20:08","slug":"mira-el-primer-trailer-de-la-segunda-entrega-de-animales-fantasticos","status":"publish","type":"post","link":"https:\/\/www.cordobatimes.com\/showup\/cine-y-series\/2018\/03\/15\/mira-el-primer-trailer-de-la-segunda-entrega-de-animales-fantasticos\/","title":{"rendered":"Mir\u00e1 el primer tr\u00e1iler de la segunda entrega de Animales Fant\u00e1sticos"},"content":{"rendered":"<h3><strong>Warner Bros. Pictures lanz\u00f3 el primer tr\u00e1iler subtitulado de\u00a0Animales Fant\u00e1sticos: Los Cr\u00edmenes de Grindelwald.<\/strong><\/h3>\n<p>\u201cEl poderoso mago oscuro Gellert Grindelwald (Johnny Depp) fue capturado por MACUSA, el Magicongreso \u00danico de la Sociedad Americana, con la ayuda de Newt Scamander (Eddie Redmayne). Pero, cumpliendo su amenaza, Grindelwald escap\u00f3 a la custodia y se ha dedicado a reunir seguidores, la mayor\u00eda desprevenidos de su verdadera agenda: criar hechiceros de sangre pura para gobernar a todos los seres no m\u00e1gicos. En un esfuerzo por frustrar los planes de Grindelwald, Albus Dumbledore (Jude Law) recluta a su antiguo estudiante Newt Scamander, quien accede a ayudar, sin darse cuenta de los peligros que le esperan. Las l\u00edneas se dibujan mientras se prueba el amor y la lealtad, incluso entre los verdaderos amigos y familiares, en un mundo m\u00e1gico cada vez m\u00e1s dividido\u201d, de esta manera se presenta la sinopsis oficial de Animales Fant\u00e1sticos: Los Cr\u00edmenes de Grindelwald, segunda entrega de esta saga fant\u00e1stica.<\/p>\n<p>El filme, dirigido por David Yates y basado en el libro de J.K. Rowling, estrenar\u00e1 el 15 de noviembre en las salas de cine de argentina, por lo que habr\u00e1 que aguantar la ansiedad por varios meses.<\/p>\n<p><iframe loading=\"lazy\" src=\"https:\/\/www.youtube.com\/embed\/346Za_5bLm8\" width=\"560\" height=\"315\" frameborder=\"0\" allowfullscreen=\"allowfullscreen\"><\/iframe><\/p>\n","protected":false},"excerpt":{"rendered":"<p>Warner Bros. Pictures lanz\u00f3 el primer tr\u00e1iler subtitulado de\u00a0Animales Fant\u00e1sticos: Los Cr\u00edmenes de Grindelwald. \u201cEl poderoso mago oscuro Gellert Grindelwald (Johnny Depp) fue capturado por MACUSA, el Magicongreso \u00danico de la Sociedad Americana, con la ayuda de Newt Scamander (Eddie Redmayne). Pero, cumpliendo su amenaza, Grindelwald escap\u00f3 a la custodia y se ha dedicado a [&hellip;]<\/p>\n","protected":false},"author":1,"featured_media":58990,"comment_status":"closed","ping_status":"closed","sticky":false,"template":"","format":"standard","meta":{"_seopress_robots_primary_cat":"","_seopress_titles_title":"","_seopress_titles_desc":"","_seopress_robots_index":"","footnotes":""},"categories":[3],"tags":[31951],"class_list":{"0":"post-58989","1":"post","2":"type-post","3":"status-publish","4":"format-standard","5":"has-post-thumbnail","7":"category-cine-y-series","8":"tag-trailer-de-la-segunda-entrega-de-animales-fantasticos"},"_links":{"self":[{"href":"https:\/\/www.cordobatimes.com\/showup\/wp-json\/wp\/v2\/posts\/58989","targetHints":{"allow":["GET"]}}],"collection":[{"href":"https:\/\/www.cordobatimes.com\/showup\/wp-json\/wp\/v2\/posts"}],"about":[{"href":"https:\/\/www.cordobatimes.com\/showup\/wp-json\/wp\/v2\/types\/post"}],"author":[{"embeddable":true,"href":"https:\/\/www.cordobatimes.com\/showup\/wp-json\/wp\/v2\/users\/1"}],"replies":[{"embeddable":true,"href":"https:\/\/www.cordobatimes.com\/showup\/wp-json\/wp\/v2\/comments?post=58989"}],"version-history":[{"count":0,"href":"https:\/\/www.cordobatimes.com\/showup\/wp-json\/wp\/v2\/posts\/58989\/revisions"}],"wp:featuredmedia":[{"embeddable":true,"href":"https:\/\/www.cordobatimes.com\/showup\/wp-json\/wp\/v2\/media\/58990"}],"wp:attachment":[{"href":"https:\/\/www.cordobatimes.com\/showup\/wp-json\/wp\/v2\/media?parent=58989"}],"wp:term":[{"taxonomy":"category","embeddable":true,"href":"https:\/\/www.cordobatimes.com\/showup\/wp-json\/wp\/v2\/categories?post=58989"},{"taxonomy":"post_tag","embeddable":true,"href":"https:\/\/www.cordobatimes.com\/showup\/wp-json\/wp\/v2\/tags?post=58989"}],"curies":[{"name":"wp","href":"https:\/\/api.w.org\/{rel}","templated":true}]}}