{"id":58986,"date":"2018-03-15T13:13:37","date_gmt":"2018-03-15T16:13:37","guid":{"rendered":"http:\/\/www.cordobatimes.com\/showup\/?p=58986"},"modified":"2020-06-21T10:21:45","modified_gmt":"2020-06-21T13:21:45","slug":"el-primer-trailer-de-la-pelicula-sobre-bergoglio","status":"publish","type":"post","link":"https:\/\/www.cordobatimes.com\/showup\/cine-y-series\/2018\/03\/15\/el-primer-trailer-de-la-pelicula-sobre-bergoglio\/","title":{"rendered":"El primer tr\u00e1iler de la pel\u00edcula sobre Bergoglio"},"content":{"rendered":"<h3><strong>Universal Pictures lanz\u00f3 el primer avance subtitulado del largometraje que tiene al Papa Francisco como protagonista.\u00a0<\/strong><\/h3>\n<p>\u201c<strong>El Papa Francisco: Un hombre de palabra<\/strong>\u00a0tiene como prop\u00f3sito ser un viaje personal de la mano del\u00a0Papa Francisco, m\u00e1s all\u00e1 de un simple documental biogr\u00e1fico. La ideolog\u00eda del papa y su mensaje son el eje central de la pel\u00edcula a trav\u00e9s de los cuales nos presenta nuevos cambios y respuestas a las preguntas internacionales que existen hoy en d\u00eda. Hablando directo hacia la c\u00e1mara y una narrativa en primera persona, la historia enganchar\u00e1 a la audiencia al convertirse, literalmente, en una charla cara a cara entre el Papa y el mundo\u201d, adelanta la sinopsis oficial del largometraje, que est\u00e1 escrito y dirigido por Wim Wenders, tres veces premiado en los premios Oscar por sus trabajos.<\/p>\n<p>\u201cTomando preguntas de toda clase de personas, el Papa Francisco responde a granjeros, trabajadores, refugiados, ni\u00f1os, ancianos, reclusos y todos aquellos que viven en barrios pobres y campamentos de inmigrantes. Todas esas voces y rostros son una parte de la humanidad que se une en conversaci\u00f3n con el Papa Francisco. Aunque la esencia principal de la pel\u00edcula est\u00e1 formada por este conjunto de preguntas, tambi\u00e9n nos muestra al Papa en sus diversos viajes alrededor del mundo, con escenas de sus discursos en las Naciones Unidas, asistiendo al Congreso de Los Estados Unidos, guardando luto con aquellos reunidos en la Zona Cero, en Yad Vashem, en el Centro Mundial de la Conmemoraci\u00f3n de la Sh\u00f3a en Jerusal\u00e9n. Habla con reclusos de centros correccionales, en los campamentos de refugiados en el Mediterr\u00e1neo. Lo vemos viajar a Tierra Santa (Palestina e Israel), as\u00ed como a \u00c1frica, Latinoam\u00e9rica y Asia. A trav\u00e9s de la pel\u00edcula, el Papa Francisco comparte su visi\u00f3n de la Iglesia, su profunda preocupaci\u00f3n por la pobreza, su involucramiento con temas del medio ambiente, justicia social y su llamado por la paz en zonas de conflicto a causa de la religi\u00f3n\u201d, sigue la explicaci\u00f3n.<\/p>\n<p><iframe loading=\"lazy\" src=\"https:\/\/www.youtube.com\/embed\/ZkbTZnBh8Q8\" width=\"560\" height=\"315\" frameborder=\"0\" allowfullscreen=\"allowfullscreen\"><\/iframe><\/p>\n","protected":false},"excerpt":{"rendered":"<p>Universal Pictures lanz\u00f3 el primer avance subtitulado del largometraje que tiene al Papa Francisco como protagonista.\u00a0 \u201cEl Papa Francisco: Un hombre de palabra\u00a0tiene como prop\u00f3sito ser un viaje personal de la mano del\u00a0Papa Francisco, m\u00e1s all\u00e1 de un simple documental biogr\u00e1fico. La ideolog\u00eda del papa y su mensaje son el eje central de la pel\u00edcula [&hellip;]<\/p>\n","protected":false},"author":1,"featured_media":58987,"comment_status":"closed","ping_status":"closed","sticky":false,"template":"","format":"standard","meta":{"_seopress_robots_primary_cat":"","_seopress_titles_title":"","_seopress_titles_desc":"","_seopress_robots_index":"","footnotes":""},"categories":[3],"tags":[21254,31952],"class_list":{"0":"post-58986","1":"post","2":"type-post","3":"status-publish","4":"format-standard","5":"has-post-thumbnail","7":"category-cine-y-series","8":"tag-pelicula-sobre-bergoglio","9":"tag-trailer-de-la-pelicula-sobre-bergoglio"},"_links":{"self":[{"href":"https:\/\/www.cordobatimes.com\/showup\/wp-json\/wp\/v2\/posts\/58986","targetHints":{"allow":["GET"]}}],"collection":[{"href":"https:\/\/www.cordobatimes.com\/showup\/wp-json\/wp\/v2\/posts"}],"about":[{"href":"https:\/\/www.cordobatimes.com\/showup\/wp-json\/wp\/v2\/types\/post"}],"author":[{"embeddable":true,"href":"https:\/\/www.cordobatimes.com\/showup\/wp-json\/wp\/v2\/users\/1"}],"replies":[{"embeddable":true,"href":"https:\/\/www.cordobatimes.com\/showup\/wp-json\/wp\/v2\/comments?post=58986"}],"version-history":[{"count":0,"href":"https:\/\/www.cordobatimes.com\/showup\/wp-json\/wp\/v2\/posts\/58986\/revisions"}],"wp:featuredmedia":[{"embeddable":true,"href":"https:\/\/www.cordobatimes.com\/showup\/wp-json\/wp\/v2\/media\/58987"}],"wp:attachment":[{"href":"https:\/\/www.cordobatimes.com\/showup\/wp-json\/wp\/v2\/media?parent=58986"}],"wp:term":[{"taxonomy":"category","embeddable":true,"href":"https:\/\/www.cordobatimes.com\/showup\/wp-json\/wp\/v2\/categories?post=58986"},{"taxonomy":"post_tag","embeddable":true,"href":"https:\/\/www.cordobatimes.com\/showup\/wp-json\/wp\/v2\/tags?post=58986"}],"curies":[{"name":"wp","href":"https:\/\/api.w.org\/{rel}","templated":true}]}}