{"id":58896,"date":"2018-03-09T13:27:23","date_gmt":"2018-03-09T16:27:23","guid":{"rendered":"http:\/\/www.cordobatimes.com\/showup\/?p=58896"},"modified":"2020-06-21T12:28:25","modified_gmt":"2020-06-21T15:28:25","slug":"confirmado-no-habra-mas-shows-vivo-del-indio-solari","status":"publish","type":"post","link":"https:\/\/www.cordobatimes.com\/showup\/musica\/2018\/03\/09\/confirmado-no-habra-mas-shows-vivo-del-indio-solari\/","title":{"rendered":"Confirmado: no habr\u00e1 m\u00e1s shows en vivo del Indio Solari"},"content":{"rendered":"<div class=\"teaser\">\n<h3><strong>As\u00ed lo confirm\u00f3 su m\u00e1nager, Julio S\u00e1ez, quien dej\u00f3 abierta la posibilidad de que se realicen conciertos en formato digital.<\/strong><\/h3>\n<\/div>\n<div class=\"body\">\n<p>A d\u00edas de cumplirse un a\u00f1o del recordado \u00faltimo concierto del\u00a0Indio Solari, se confirm\u00f3 lo que muchos ya presum\u00edan. No habr\u00e1 m\u00e1s shows en vivo del cantante, o por lo menos en el formato tradicional que conocemos hasta hoy.<\/p>\n<p>La oficializaci\u00f3n lleg\u00f3 de boca de Julio S\u00e1ez, el m\u00e1nager de Solari. \u00ab\u00bfSi va a volver a tocar en vivo? Eso no va pasar&#8230; a lo sumo buscaremos alguna forma digital para reemplazar ese contacto, pero para eso todav\u00eda falta\u00bb, \u00a0dejando abierta la posibilidad de realizar un concierto de otro tipo, tal vez filmando un vivo y proyect\u00e1ndolo v\u00eda streaming, un recurso que comenz\u00f3 a utilizarse en los \u00faltimos a\u00f1os.<\/p>\n<p>Por otro lado, S\u00e1ez tambi\u00e9n cont\u00f3 que seguramente el Indio tampoco de m\u00e1s reportajes. \u00abPronto saldr\u00e1n sus memorias y en parte \u00e9l va a hablar a trav\u00e9s de eso. O quiz\u00e1s de alg\u00fan que otro mensaje a trav\u00e9s de Marcelo Figueras, quien escribi\u00f3 su biograf\u00eda\u00bb, advirti\u00f3. Habr\u00e1 que esperar<\/p>\n<p><iframe loading=\"lazy\" src=\"https:\/\/www.youtube.com\/embed\/rJGz1v5SUSA\" width=\"560\" height=\"315\" frameborder=\"0\" allowfullscreen=\"allowfullscreen\"><\/iframe><\/p>\n<\/div>\n","protected":false},"excerpt":{"rendered":"<p>As\u00ed lo confirm\u00f3 su m\u00e1nager, Julio S\u00e1ez, quien dej\u00f3 abierta la posibilidad de que se realicen conciertos en formato digital. A d\u00edas de cumplirse un a\u00f1o del recordado \u00faltimo concierto del\u00a0Indio Solari, se confirm\u00f3 lo que muchos ya presum\u00edan. No habr\u00e1 m\u00e1s shows en vivo del cantante, o por lo menos en el formato tradicional [&hellip;]<\/p>\n","protected":false},"author":1,"featured_media":58897,"comment_status":"closed","ping_status":"closed","sticky":false,"template":"","format":"standard","meta":{"_seopress_robots_primary_cat":"","_seopress_titles_title":"","_seopress_titles_desc":"","_seopress_robots_index":"","footnotes":""},"categories":[5],"tags":[21185],"class_list":{"0":"post-58896","1":"post","2":"type-post","3":"status-publish","4":"format-standard","5":"has-post-thumbnail","7":"category-musica","8":"tag-shows-en-vivo-del-indio-solari"},"_links":{"self":[{"href":"https:\/\/www.cordobatimes.com\/showup\/wp-json\/wp\/v2\/posts\/58896","targetHints":{"allow":["GET"]}}],"collection":[{"href":"https:\/\/www.cordobatimes.com\/showup\/wp-json\/wp\/v2\/posts"}],"about":[{"href":"https:\/\/www.cordobatimes.com\/showup\/wp-json\/wp\/v2\/types\/post"}],"author":[{"embeddable":true,"href":"https:\/\/www.cordobatimes.com\/showup\/wp-json\/wp\/v2\/users\/1"}],"replies":[{"embeddable":true,"href":"https:\/\/www.cordobatimes.com\/showup\/wp-json\/wp\/v2\/comments?post=58896"}],"version-history":[{"count":0,"href":"https:\/\/www.cordobatimes.com\/showup\/wp-json\/wp\/v2\/posts\/58896\/revisions"}],"wp:featuredmedia":[{"embeddable":true,"href":"https:\/\/www.cordobatimes.com\/showup\/wp-json\/wp\/v2\/media\/58897"}],"wp:attachment":[{"href":"https:\/\/www.cordobatimes.com\/showup\/wp-json\/wp\/v2\/media?parent=58896"}],"wp:term":[{"taxonomy":"category","embeddable":true,"href":"https:\/\/www.cordobatimes.com\/showup\/wp-json\/wp\/v2\/categories?post=58896"},{"taxonomy":"post_tag","embeddable":true,"href":"https:\/\/www.cordobatimes.com\/showup\/wp-json\/wp\/v2\/tags?post=58896"}],"curies":[{"name":"wp","href":"https:\/\/api.w.org\/{rel}","templated":true}]}}