{"id":58889,"date":"2018-03-09T12:46:35","date_gmt":"2018-03-09T15:46:35","guid":{"rendered":"http:\/\/www.cordobatimes.com\/showup\/?p=58889"},"modified":"2020-06-21T12:32:16","modified_gmt":"2020-06-21T15:32:16","slug":"mira-trailer-grinch","status":"publish","type":"post","link":"https:\/\/www.cordobatimes.com\/showup\/cine-y-series\/2018\/03\/09\/mira-trailer-grinch\/","title":{"rendered":"Mir\u00e1 el tr\u00e1iler de \u00abEl Grinch\u00bb"},"content":{"rendered":"<h3>\u00a0<strong>Una nueva pel\u00edcula que tendr\u00e1 a este villano amargado como protagonista.<\/strong><\/h3>\n<p>Universal Pictures lanz\u00f3 el tr\u00e1iler oficial de\u00a0El Grinch, el filme estrenar\u00e1 el 22 de noviembre en las salas de cine argentinas y est\u00e1 basado en la obra cl\u00e1sica del Dr. Seuss.<\/p>\n<p>\u201cEl irreverente Grinch vive acompa\u00f1ado \u00fanicamente de su leal perro, Max, en la alejada Monta\u00f1a Crumpet, dentro de una cueva solitaria, y solamente tiene contacto con sus vecinos, los Qui\u00e9n, cuando se queda sin comida. Todos los a\u00f1os los Qui\u00e9n perturban su tranquila soledad con su luminosa y ruidosa celebraci\u00f3n navide\u00f1a. Al enterarse que este a\u00f1o han decidido hacer el festejo tres veces m\u00e1s grande, El Grinch se da cuenta que solamente hay una forma de conseguir paz y tranquilidad, \u00e9l debe robar la Navidad. Pero Cindy-Lou, una ni\u00f1a desbordada de alegr\u00eda navide\u00f1a, podr\u00e1 estropear sus nefastos planes\u201d, de esta manera se presenta la sinopsis oficial del largometraje.<\/p>\n<p><iframe loading=\"lazy\" src=\"https:\/\/www.youtube.com\/embed\/6hC6UhcMqmQ\" width=\"560\" height=\"315\" frameborder=\"0\" allowfullscreen=\"allowfullscreen\"><\/iframe><\/p>\n","protected":false},"excerpt":{"rendered":"<p>\u00a0Una nueva pel\u00edcula que tendr\u00e1 a este villano amargado como protagonista. Universal Pictures lanz\u00f3 el tr\u00e1iler oficial de\u00a0El Grinch, el filme estrenar\u00e1 el 22 de noviembre en las salas de cine argentinas y est\u00e1 basado en la obra cl\u00e1sica del Dr. Seuss. \u201cEl irreverente Grinch vive acompa\u00f1ado \u00fanicamente de su leal perro, Max, en la [&hellip;]<\/p>\n","protected":false},"author":1,"featured_media":58892,"comment_status":"closed","ping_status":"closed","sticky":false,"template":"","format":"standard","meta":{"_seopress_robots_primary_cat":"","_seopress_titles_title":"","_seopress_titles_desc":"","_seopress_robots_index":"","footnotes":""},"categories":[3],"tags":[21178],"class_list":{"0":"post-58889","1":"post","2":"type-post","3":"status-publish","4":"format-standard","5":"has-post-thumbnail","7":"category-cine-y-series","8":"tag-trailer-de-el-grinch"},"_links":{"self":[{"href":"https:\/\/www.cordobatimes.com\/showup\/wp-json\/wp\/v2\/posts\/58889","targetHints":{"allow":["GET"]}}],"collection":[{"href":"https:\/\/www.cordobatimes.com\/showup\/wp-json\/wp\/v2\/posts"}],"about":[{"href":"https:\/\/www.cordobatimes.com\/showup\/wp-json\/wp\/v2\/types\/post"}],"author":[{"embeddable":true,"href":"https:\/\/www.cordobatimes.com\/showup\/wp-json\/wp\/v2\/users\/1"}],"replies":[{"embeddable":true,"href":"https:\/\/www.cordobatimes.com\/showup\/wp-json\/wp\/v2\/comments?post=58889"}],"version-history":[{"count":0,"href":"https:\/\/www.cordobatimes.com\/showup\/wp-json\/wp\/v2\/posts\/58889\/revisions"}],"wp:featuredmedia":[{"embeddable":true,"href":"https:\/\/www.cordobatimes.com\/showup\/wp-json\/wp\/v2\/media\/58892"}],"wp:attachment":[{"href":"https:\/\/www.cordobatimes.com\/showup\/wp-json\/wp\/v2\/media?parent=58889"}],"wp:term":[{"taxonomy":"category","embeddable":true,"href":"https:\/\/www.cordobatimes.com\/showup\/wp-json\/wp\/v2\/categories?post=58889"},{"taxonomy":"post_tag","embeddable":true,"href":"https:\/\/www.cordobatimes.com\/showup\/wp-json\/wp\/v2\/tags?post=58889"}],"curies":[{"name":"wp","href":"https:\/\/api.w.org\/{rel}","templated":true}]}}