{"id":5884,"date":"2013-12-19T13:25:57","date_gmt":"2013-12-19T16:25:57","guid":{"rendered":"http:\/\/cordobatimes.com\/showup\/?p=5884"},"modified":"2019-12-01T12:48:48","modified_gmt":"2019-12-01T15:48:48","slug":"era-broma-justin-bieber-no-dejara-la-musica","status":"publish","type":"post","link":"https:\/\/www.cordobatimes.com\/showup\/musica\/2013\/12\/19\/era-broma-justin-bieber-no-dejara-la-musica\/","title":{"rendered":"\u00a1Era broma! Justin Bieber no dejar\u00e1 la m\u00fasica"},"content":{"rendered":"<h3 style=\"text-align: justify;\"><strong>Luego de sus inesperadas declaraciones a la radio, el cantante canadiense desminti\u00f3 su supuesto retiro del mundo de la m\u00fasica.<\/strong><\/h3>\n<p style=\"text-align: justify;\">Al parecer,\u00a0<strong>Justin Bieber<\/strong>\u00a0tiene bastante claro c\u00f3mo seguir llamando la atenci\u00f3n.<\/p>\n<p style=\"text-align: justify;\">Un breve video donde el m\u00fasico\u00a0<em><span style=\"text-decoration: underline;\"><strong>anunciaba su retiro de la m\u00fasica durante una entrevista a la radio<\/strong><\/span>\u00a0Power 106<\/em>, provoc\u00f3 la impresi\u00f3n de sus fans y de los medios en general.<\/p>\n<p style=\"text-align: justify;\">Lo cierto es que el video fue editado para causar mayor impacto, pero la entrevista completa da cuenta de que\u00a0<strong>todo se trataba de una broma<\/strong>.<\/p>\n<p style=\"text-align: justify;\">La noticia no tard\u00f3 en trascender en medios de comunicaci\u00f3n y, en especial, en las<strong>\u00abBeliebers\u00bb<\/strong>, quienes a pesar de la sorpresa, se mostraron esc\u00e9pticas ante el anuncio, demostrando lo bien que conocen al\u00a0<strong>joven bromista<\/strong>.<\/p>\n<p style=\"text-align: justify;\">Actualmente, Justin Bieber se encuentra preparando su \u00faltimo \u00e1lbum\u00a0<strong>\u00abJournals\u00bb<\/strong>\u00a0y su regreso al cine con la cinta\u00a0<strong>\u00abBelieve\u00bb<\/strong>, la cual se estrena el\u00a0<strong>30 de enero<\/strong>.<\/p>\n<p style=\"text-align: justify;\">Al menos, las \u00abBeliebers\u00bb ya pueden respirar tranquilas, aunque de seguro, muchas ten\u00edan plena confianza en que ser\u00eda otra m\u00e1s de las jugarretas del joven.<\/p>\n","protected":false},"excerpt":{"rendered":"<p>Luego de sus inesperadas declaraciones a la radio, el cantante canadiense desminti\u00f3 su supuesto retiro del mundo de la m\u00fasica. Al parecer,\u00a0Justin Bieber\u00a0tiene bastante claro c\u00f3mo seguir llamando la atenci\u00f3n. Un breve video donde el m\u00fasico\u00a0anunciaba su retiro de la m\u00fasica durante una entrevista a la radio\u00a0Power 106, provoc\u00f3 la impresi\u00f3n de sus fans y [&hellip;]<\/p>\n","protected":false},"author":1,"featured_media":3088,"comment_status":"closed","ping_status":"closed","sticky":false,"template":"","format":"standard","meta":{"_seopress_robots_primary_cat":"","_seopress_titles_title":"","_seopress_titles_desc":"","_seopress_robots_index":"","footnotes":""},"categories":[5],"tags":[24950,24949],"class_list":{"0":"post-5884","1":"post","2":"type-post","3":"status-publish","4":"format-standard","5":"has-post-thumbnail","7":"category-musica","8":"tag-justin-bieber-broma","9":"tag-justin-bieber-no-dejara-la-musica"},"_links":{"self":[{"href":"https:\/\/www.cordobatimes.com\/showup\/wp-json\/wp\/v2\/posts\/5884","targetHints":{"allow":["GET"]}}],"collection":[{"href":"https:\/\/www.cordobatimes.com\/showup\/wp-json\/wp\/v2\/posts"}],"about":[{"href":"https:\/\/www.cordobatimes.com\/showup\/wp-json\/wp\/v2\/types\/post"}],"author":[{"embeddable":true,"href":"https:\/\/www.cordobatimes.com\/showup\/wp-json\/wp\/v2\/users\/1"}],"replies":[{"embeddable":true,"href":"https:\/\/www.cordobatimes.com\/showup\/wp-json\/wp\/v2\/comments?post=5884"}],"version-history":[{"count":0,"href":"https:\/\/www.cordobatimes.com\/showup\/wp-json\/wp\/v2\/posts\/5884\/revisions"}],"wp:featuredmedia":[{"embeddable":true,"href":"https:\/\/www.cordobatimes.com\/showup\/wp-json\/wp\/v2\/media\/3088"}],"wp:attachment":[{"href":"https:\/\/www.cordobatimes.com\/showup\/wp-json\/wp\/v2\/media?parent=5884"}],"wp:term":[{"taxonomy":"category","embeddable":true,"href":"https:\/\/www.cordobatimes.com\/showup\/wp-json\/wp\/v2\/categories?post=5884"},{"taxonomy":"post_tag","embeddable":true,"href":"https:\/\/www.cordobatimes.com\/showup\/wp-json\/wp\/v2\/tags?post=5884"}],"curies":[{"name":"wp","href":"https:\/\/api.w.org\/{rel}","templated":true}]}}