{"id":58824,"date":"2018-03-07T13:36:28","date_gmt":"2018-03-07T16:36:28","guid":{"rendered":"http:\/\/www.cordobatimes.com\/showup\/?p=58824"},"modified":"2020-06-21T13:41:10","modified_gmt":"2020-06-21T16:41:10","slug":"lana-del-rey-interpreto-la-cancion-mas-representativa-evita","status":"publish","type":"post","link":"https:\/\/www.cordobatimes.com\/showup\/musica\/2018\/03\/07\/lana-del-rey-interpreto-la-cancion-mas-representativa-evita\/","title":{"rendered":"Lana del Rey interpret\u00f3 la canci\u00f3n m\u00e1s representativa de \u201cEvita\u201d"},"content":{"rendered":"<h3><strong>La cantante norteamericana revel\u00f3 una versi\u00f3n de \u201cYou Must Love Me\u201d, que form\u00f3 parte de la banda de sonido del filme de Alan Parker protagonizado por Madonna.\u00a0<\/strong><\/h3>\n<p>De forma repentina y sin que haya tirado pistas de ning\u00fan tipo, Lana del Rey estren\u00f3 una versi\u00f3n de You Must Love Me, canci\u00f3n de la banda de sonido de Evita, filme de Alan Parker en clave musical basado en la vida de Mar\u00eda Eva Duarte de Per\u00f3n y que fue protagonizada por Madonna (como la misma Eva), Jonathan Pryce (como Juan Domingo Per\u00f3n) y Antonio Banderas (como Che Guevara).<\/p>\n<p>Compuesta por Tim Rice y Andrew Lloyd Webber, la pieza gan\u00f3 el Oscar a Mejor Canci\u00f3n Original en 1996.<\/p>\n<p>\u201cAndrew Lloyd Webber ha sido una de mis mayores inspiraciones a nivel musical, as\u00ed que el haber podido grabar esta versi\u00f3n es un sue\u00f1o\u201d, dijo Lana del Rey sobre el por qu\u00e9 de tu versi\u00f3n.<\/p>\n<p>\u201cPero amo esta canci\u00f3n en especial, a causa de lo \u00fanica que es su melod\u00eda. He estado incre\u00edblemente inspirada por todos los trabajos de Andrew, desde Phantom of the Opera hasta Evita\u201d, complet\u00f3<\/p>\n<p>Seg\u00fan trascendi\u00f3, la versi\u00f3n de la crepuscular cantante norteamericana se publicar\u00e1 en Unmasked: The Platinum Collection, un disco que celebrar\u00e1 el cumplea\u00f1os n\u00famero 70 de Webber. \u00bfFecha de la edici\u00f3n? Viernes 16 de marzo, un d\u00eda antes de la participaci\u00f3n de Lana del Rey en el Lollapalooza Argentina. Efectivamente, ella est\u00e1 programada el s\u00e1bado 17 de marzo en el Main stage, a las 20.45.<\/p>\n<p><iframe loading=\"lazy\" src=\"https:\/\/www.youtube.com\/embed\/MUc28dZQg5s\" width=\"560\" height=\"315\" frameborder=\"0\" allowfullscreen=\"allowfullscreen\"><\/iframe><\/p>\n","protected":false},"excerpt":{"rendered":"<p>La cantante norteamericana revel\u00f3 una versi\u00f3n de \u201cYou Must Love Me\u201d, que form\u00f3 parte de la banda de sonido del filme de Alan Parker protagonizado por Madonna.\u00a0 De forma repentina y sin que haya tirado pistas de ning\u00fan tipo, Lana del Rey estren\u00f3 una versi\u00f3n de You Must Love Me, canci\u00f3n de la banda de [&hellip;]<\/p>\n","protected":false},"author":1,"featured_media":58825,"comment_status":"closed","ping_status":"closed","sticky":false,"template":"","format":"standard","meta":{"_seopress_robots_primary_cat":"","_seopress_titles_title":"","_seopress_titles_desc":"","_seopress_robots_index":"","footnotes":""},"categories":[5],"tags":[31966],"class_list":{"0":"post-58824","1":"post","2":"type-post","3":"status-publish","4":"format-standard","5":"has-post-thumbnail","7":"category-musica","8":"tag-lana-del-rey-you-must-love-me"},"_links":{"self":[{"href":"https:\/\/www.cordobatimes.com\/showup\/wp-json\/wp\/v2\/posts\/58824","targetHints":{"allow":["GET"]}}],"collection":[{"href":"https:\/\/www.cordobatimes.com\/showup\/wp-json\/wp\/v2\/posts"}],"about":[{"href":"https:\/\/www.cordobatimes.com\/showup\/wp-json\/wp\/v2\/types\/post"}],"author":[{"embeddable":true,"href":"https:\/\/www.cordobatimes.com\/showup\/wp-json\/wp\/v2\/users\/1"}],"replies":[{"embeddable":true,"href":"https:\/\/www.cordobatimes.com\/showup\/wp-json\/wp\/v2\/comments?post=58824"}],"version-history":[{"count":0,"href":"https:\/\/www.cordobatimes.com\/showup\/wp-json\/wp\/v2\/posts\/58824\/revisions"}],"wp:featuredmedia":[{"embeddable":true,"href":"https:\/\/www.cordobatimes.com\/showup\/wp-json\/wp\/v2\/media\/58825"}],"wp:attachment":[{"href":"https:\/\/www.cordobatimes.com\/showup\/wp-json\/wp\/v2\/media?parent=58824"}],"wp:term":[{"taxonomy":"category","embeddable":true,"href":"https:\/\/www.cordobatimes.com\/showup\/wp-json\/wp\/v2\/categories?post=58824"},{"taxonomy":"post_tag","embeddable":true,"href":"https:\/\/www.cordobatimes.com\/showup\/wp-json\/wp\/v2\/tags?post=58824"}],"curies":[{"name":"wp","href":"https:\/\/api.w.org\/{rel}","templated":true}]}}