{"id":58774,"date":"2018-03-06T10:09:12","date_gmt":"2018-03-06T13:09:12","guid":{"rendered":"http:\/\/www.cordobatimes.com\/showup\/?p=58774"},"modified":"2020-06-21T19:02:22","modified_gmt":"2020-06-21T22:02:22","slug":"sopa-fria-puerro-manzana-limon","status":"publish","type":"post","link":"https:\/\/www.cordobatimes.com\/showup\/cocina\/2018\/03\/06\/sopa-fria-puerro-manzana-limon\/","title":{"rendered":"Sopa fr\u00eda de puerro, manzana y lim\u00f3n"},"content":{"rendered":"<h3 class=\"asset-recipe-section-title\"><strong>Ingredientes<\/strong><\/h3>\n<div class=\"asset-recipe-yield\">Para 4 personas<\/div>\n<ul class=\"asset-recipe-list\">\n<li class=\"asset-recipe-list-item m-is-ingr\"><span class=\"asset-recipe-ingr-name\">Puerro\u00a0<\/span><span class=\"asset-recipe-ingr-amount\">300\u00a0<abbr title=\"gramos\">g<\/abbr><\/span><\/li>\n<li class=\"asset-recipe-list-item m-is-ingr\"><span class=\"asset-recipe-ingr-name\">Manzanas\u00a0<\/span><span class=\"asset-recipe-ingr-amount\">100\u00a0<abbr title=\"gramos\">g<\/abbr><\/span><\/li>\n<li class=\"asset-recipe-list-item m-is-ingr\"><span class=\"asset-recipe-ingr-name\">Lim\u00f3n\u00a0 \u00a0 \u00a0\u00a0<\/span><span class=\"asset-recipe-ingr-amount\">1<abbr title=\"\"><\/abbr><\/span><\/li>\n<li class=\"asset-recipe-list-item m-is-ingr\"><span class=\"asset-recipe-ingr-name\">Papas\u00a0<\/span><span class=\"asset-recipe-ingr-amount\">100\u00a0<abbr title=\"gramos\">g<\/abbr><\/span><\/li>\n<li class=\"asset-recipe-list-item m-is-ingr\"><span class=\"asset-recipe-ingr-name\">Caldo de verdura\u00a0 s<\/span><span class=\"asset-recipe-ingr-amount\">500\u00a0<abbr title=\"mililitros\">ml<\/abbr><\/span><\/li>\n<li class=\"asset-recipe-list-item m-is-ingr\"><span class=\"asset-recipe-ingr-name\">Manteca\u00a0<\/span><span class=\"asset-recipe-ingr-amount\">30\u00a0<abbr title=\"gramos\">g<\/abbr><\/span><\/li>\n<li class=\"asset-recipe-list-item m-is-ingr\"><span class=\"asset-recipe-ingr-name\">Cebolla\u00a0<\/span><span class=\"asset-recipe-ingr-amount\">100\u00a0<abbr title=\"gramos\">g<\/abbr><\/span><\/li>\n<li class=\"asset-recipe-list-item m-is-ingr m-no-amount\"><span class=\"asset-recipe-ingr-name\">Menta fresca (opcional)<\/span><\/li>\n<li class=\"asset-recipe-list-item m-is-ingr m-no-amount\"><span class=\"asset-recipe-ingr-name\">Sal<\/span><\/li>\n<li class=\"asset-recipe-list-item m-is-ingr m-no-amount\"><span class=\"asset-recipe-ingr-name\">Pimienta blanca molida<\/span><\/li>\n<\/ul>\n<p>&nbsp;<\/p>\n<h3><strong>Modo de preparaci\u00f3n\u00a0<\/strong><\/h3>\n<ul>\n<li>Retiramos el extremo verde de los puerros y retiramos el extremo de las ra\u00edces y las desechamos. Hacemos unos cortes a lo largo en cada uno de los extremos, sin llegar al centro, y los\u00a0lavamos bajo un chorro de agua fr\u00eda\u00a0para retirar la tierra que puedan contener. Picamos y reservamos.<\/li>\n<li>Pelamos la cebolla, la manzana y la papa . Troceamos\u00a0en peque\u00f1os dados cada una\u00a0de ellas, retirando el coraz\u00f3n de la manzana, y reservamos por separado. Cortamos el lim\u00f3n por la mitad y exprimimos el jugo de lim\u00f3n<\/li>\n<li>Calentamos la manteca en una cacerola y, cuando tome temperatura, rehogamos la cebolla durante 5 minutos. A\u00f1adimos el puerro y dejamos rehogar durante 5 minutos m\u00e1s. Incorporamos la manzana y la papa, removemos unos minutos antes de agregar el\u00a0caldo de verduras. Cocemos durante 10 minutos o\u00a0hasta que la papa este tierna.<\/li>\n<li>Una vez bien cocida la verdura, ajustamos el punto de sal y pimienta y trituramos. Dejamos\u00a0enfriar antes de a\u00f1adir el jugo de lim\u00f3n\u00a0y servir. Podemos agregar unas hojas de menta fresca antes de triturar para dar un toque de sabor extra o usarlas solo para decorar.<\/li>\n<\/ul>\n<div class=\"article-asset-image article-asset-normal\">\n<div class=\"asset-content\"><\/div>\n<\/div>\n","protected":false},"excerpt":{"rendered":"<p>Ingredientes Para 4 personas Puerro\u00a0300\u00a0g Manzanas\u00a0100\u00a0g Lim\u00f3n\u00a0 \u00a0 \u00a0\u00a01 Papas\u00a0100\u00a0g Caldo de verdura\u00a0 s500\u00a0ml Manteca\u00a030\u00a0g Cebolla\u00a0100\u00a0g Menta fresca (opcional) Sal Pimienta blanca molida &nbsp; Modo de preparaci\u00f3n\u00a0 Retiramos el extremo verde de los puerros y retiramos el extremo de las ra\u00edces y las desechamos. Hacemos unos cortes a lo largo en cada uno de los [&hellip;]<\/p>\n","protected":false},"author":1,"featured_media":58775,"comment_status":"closed","ping_status":"closed","sticky":false,"template":"","format":"standard","meta":{"_seopress_robots_primary_cat":"","_seopress_titles_title":"","_seopress_titles_desc":"","_seopress_robots_index":"","footnotes":""},"categories":[1,317],"tags":[15582,15559,2452,3303,3519,12955],"class_list":{"0":"post-58774","1":"post","2":"type-post","3":"status-publish","4":"format-standard","5":"has-post-thumbnail","7":"category-cocina","8":"category-recetas","9":"tag-recetas-agridulces","10":"tag-recetas-de-sopas","11":"tag-recetas-de-verano","12":"tag-recetas-faciles","13":"tag-recetas-frias","14":"tag-recetas-saludables"},"_links":{"self":[{"href":"https:\/\/www.cordobatimes.com\/showup\/wp-json\/wp\/v2\/posts\/58774","targetHints":{"allow":["GET"]}}],"collection":[{"href":"https:\/\/www.cordobatimes.com\/showup\/wp-json\/wp\/v2\/posts"}],"about":[{"href":"https:\/\/www.cordobatimes.com\/showup\/wp-json\/wp\/v2\/types\/post"}],"author":[{"embeddable":true,"href":"https:\/\/www.cordobatimes.com\/showup\/wp-json\/wp\/v2\/users\/1"}],"replies":[{"embeddable":true,"href":"https:\/\/www.cordobatimes.com\/showup\/wp-json\/wp\/v2\/comments?post=58774"}],"version-history":[{"count":0,"href":"https:\/\/www.cordobatimes.com\/showup\/wp-json\/wp\/v2\/posts\/58774\/revisions"}],"wp:featuredmedia":[{"embeddable":true,"href":"https:\/\/www.cordobatimes.com\/showup\/wp-json\/wp\/v2\/media\/58775"}],"wp:attachment":[{"href":"https:\/\/www.cordobatimes.com\/showup\/wp-json\/wp\/v2\/media?parent=58774"}],"wp:term":[{"taxonomy":"category","embeddable":true,"href":"https:\/\/www.cordobatimes.com\/showup\/wp-json\/wp\/v2\/categories?post=58774"},{"taxonomy":"post_tag","embeddable":true,"href":"https:\/\/www.cordobatimes.com\/showup\/wp-json\/wp\/v2\/tags?post=58774"}],"curies":[{"name":"wp","href":"https:\/\/api.w.org\/{rel}","templated":true}]}}