{"id":58702,"date":"2018-03-02T11:55:50","date_gmt":"2018-03-02T14:55:50","guid":{"rendered":"http:\/\/www.cordobatimes.com\/showup\/?p=58702"},"modified":"2020-06-21T19:17:24","modified_gmt":"2020-06-21T22:17:24","slug":"la-casa-papel-vuelve-netflix-fecha-estreno","status":"publish","type":"post","link":"https:\/\/www.cordobatimes.com\/showup\/cine-y-series\/2018\/03\/02\/la-casa-papel-vuelve-netflix-fecha-estreno\/","title":{"rendered":"La Casa de Papel vuelve a  Netflix y hay fecha de estreno"},"content":{"rendered":"<div class=\"teaser\">\n<h3><strong>La serie vuelve a la plataforma de streaming y hay posibilidades de que exista una serie derivada.<\/strong><\/h3>\n<\/div>\n<div class=\"body\">\n<div>\u00a1Buenas noticias para los fan\u00e1ticos de\u00a0<strong>La Casa de Papel<\/strong>! La serie espa\u00f1ola que es furor en Argentina volver\u00e1 a la pantalla de\u00a0<strong>Netflix<\/strong>.<\/div>\n<div>La plataforma de streaming public\u00f3 en sus redes: \u201cA bailar como nunca que #LaCasaDePapel regresa el 6 de abril.\u201d<\/div>\n<blockquote class=\"instagram-media\" style=\"background: #FFF; border: 0; border-radius: 3px; box-shadow: 0 0 1px 0 rgba(0,0,0,0.5),0 1px 10px 0 rgba(0,0,0,0.15); margin: 1px; max-width: 658px; padding: 0; width: calc(100% - 2px);\" data-instgrm-captioned=\"\" data-instgrm-permalink=\"https:\/\/www.instagram.com\/p\/Bft_V7blByk\/\" data-instgrm-version=\"8\">\n<div style=\"padding: 8px;\">\n<div style=\"background: #F8F8F8; line-height: 0; margin-top: 40px; padding: 50.0% 0; text-align: center; width: 100%;\">\n<div style=\"background: url(data:image\/png; base64,ivborw0kggoaaaansuheugaaacwaaaascamaaaapwqozaaaabgdbtueaalgpc\/xhbqaaaafzukdcak7ohokaaaamuexurczmzpf399fx1+bm5mzy9amaaadisurbvdjlvzxbesmgces5\/p8\/t9furvcrmu73jwlzosgsiizurcjo\/ad+eqjjb4hv8bft+idpqocx1wjosbfhh2xssxeiyn3uli\/6mnree07uiwjev8ueowds88ly97kqytlijkktuybbruayvh5wohixmpi5we58ek028czwyuqdlkpg1bkb4nnm+veanfhqn1k4+gpt6ugqcvu2h2ovuif\/gwufyy8owepdyzsa3avcqpvovvzzz2vtnn2wu8qzvjddeto90gsy9mvlqtgysy231mxry6i2ggqjrty0l8fxcxfcbbhwrsyyaaaaaelftksuqmcc); display: block; height: 44px; margin: 0 auto -44px; position: relative; top: -22px; width: 44px;\"><\/div>\n<\/div>\n<p style=\"margin: 8px 0 0 0; padding: 0 4px;\"><a style=\"color: #000; font-family: Arial,sans-serif; font-size: 14px; font-style: normal; font-weight: normal; line-height: 17px; text-decoration: none; word-wrap: break-word;\" href=\"https:\/\/www.instagram.com\/p\/Bft_V7blByk\/\" target=\"_blank\" rel=\"noopener noreferrer\">A bailar como nunca que #LaCasaDePapel regresa el 6 de abril.<\/a><\/p>\n<p style=\"color: #c9c8cd; font-family: Arial,sans-serif; font-size: 14px; line-height: 17px; margin-bottom: 0; margin-top: 8px; overflow: hidden; padding: 8px 0 7px; text-align: center; text-overflow: ellipsis; white-space: nowrap;\">Una publicaci\u00f3n compartida de <a style=\"color: #c9c8cd; font-family: Arial,sans-serif; font-size: 14px; font-style: normal; font-weight: normal; line-height: 17px;\" href=\"https:\/\/www.instagram.com\/netflixlat\/\" target=\"_blank\" rel=\"noopener noreferrer\"> Netflix Latinoam\u00e9rica<\/a> (@netflixlat) el <time style=\"font-family: Arial,sans-serif; font-size: 14px; line-height: 17px;\" datetime=\"2018-02-27T23:29:12+00:00\">Feb 27, 2018 at 3:29 PST<\/time><\/p>\n<\/div>\n<\/blockquote>\n<p><script async defer src=\"\/\/www.instagram.com\/embed.js\"><\/script><\/p>\n<p>Adem\u00e1s, Alex Rodrigo, uno de los directores de la serie, adelanto en una entrevista con Moskita Muerta y Nilda Sarli en Por si las moscas, por La Once Diez\/Radio de la Ciudad, que se est\u00e1 barajando la posibilidad de la realizaci\u00f3n de un spin-off de la serie. \u201cAunque sea una serie bastante cerrada, uno planea el sue\u00f1o de abrir a un spin-off, que es s\u00faper sencillo de hacer con la trama. Creo que a todos nos har\u00eda mucha ilusi\u00f3n,\u201d dijo el director.<br \/>\nPor otro lado, otro de los realizadores, \u00c1xel Pina, coment\u00f3 al respecto: \u00abLa serie tiene un spin-off porque hay muchas cosas que robar en el mundo y una banda de atracadores maravillosa\u00bb. Y cuando se le pregunt\u00f3 acerca de \u00bfqu\u00e9 le gustar\u00eda robar a los cacos de La Casa de Papel? El director dijo: \u00abLa Reserva Federal en Estados Unidos\u00bb.<br \/>\nSi bien la idea es prometedora, Pina descart\u00f3 que Antena 3 sea la casa productora. \u00abOjal\u00e1 venga Netflix y quiera hacerla, pero no es algo que hayamos pensado de momento\u00bb, afirm\u00f3.<\/p>\n<\/div>\n","protected":false},"excerpt":{"rendered":"<p>La serie vuelve a la plataforma de streaming y hay posibilidades de que exista una serie derivada. \u00a1Buenas noticias para los fan\u00e1ticos de\u00a0La Casa de Papel! La serie espa\u00f1ola que es furor en Argentina volver\u00e1 a la pantalla de\u00a0Netflix. La plataforma de streaming public\u00f3 en sus redes: \u201cA bailar como nunca que #LaCasaDePapel regresa el [&hellip;]<\/p>\n","protected":false},"author":1,"featured_media":58703,"comment_status":"closed","ping_status":"closed","sticky":false,"template":"","format":"standard","meta":{"_seopress_robots_primary_cat":"","_seopress_titles_title":"","_seopress_titles_desc":"","_seopress_robots_index":"","footnotes":""},"categories":[3],"tags":[21092,21056],"class_list":{"0":"post-58702","1":"post","2":"type-post","3":"status-publish","4":"format-standard","5":"has-post-thumbnail","7":"category-cine-y-series","8":"tag-la-casa-de-papel-vuelve-a-netflix","9":"tag-segunda-temporada-de-la-casa-de-papel"},"_links":{"self":[{"href":"https:\/\/www.cordobatimes.com\/showup\/wp-json\/wp\/v2\/posts\/58702","targetHints":{"allow":["GET"]}}],"collection":[{"href":"https:\/\/www.cordobatimes.com\/showup\/wp-json\/wp\/v2\/posts"}],"about":[{"href":"https:\/\/www.cordobatimes.com\/showup\/wp-json\/wp\/v2\/types\/post"}],"author":[{"embeddable":true,"href":"https:\/\/www.cordobatimes.com\/showup\/wp-json\/wp\/v2\/users\/1"}],"replies":[{"embeddable":true,"href":"https:\/\/www.cordobatimes.com\/showup\/wp-json\/wp\/v2\/comments?post=58702"}],"version-history":[{"count":0,"href":"https:\/\/www.cordobatimes.com\/showup\/wp-json\/wp\/v2\/posts\/58702\/revisions"}],"wp:featuredmedia":[{"embeddable":true,"href":"https:\/\/www.cordobatimes.com\/showup\/wp-json\/wp\/v2\/media\/58703"}],"wp:attachment":[{"href":"https:\/\/www.cordobatimes.com\/showup\/wp-json\/wp\/v2\/media?parent=58702"}],"wp:term":[{"taxonomy":"category","embeddable":true,"href":"https:\/\/www.cordobatimes.com\/showup\/wp-json\/wp\/v2\/categories?post=58702"},{"taxonomy":"post_tag","embeddable":true,"href":"https:\/\/www.cordobatimes.com\/showup\/wp-json\/wp\/v2\/tags?post=58702"}],"curies":[{"name":"wp","href":"https:\/\/api.w.org\/{rel}","templated":true}]}}