{"id":58677,"date":"2018-03-01T10:38:41","date_gmt":"2018-03-01T13:38:41","guid":{"rendered":"http:\/\/www.cordobatimes.com\/showup\/?p=58677"},"modified":"2020-06-21T19:28:29","modified_gmt":"2020-06-21T22:28:29","slug":"charlie-heaton-estara-la-tercera-temporada-stranger-things","status":"publish","type":"post","link":"https:\/\/www.cordobatimes.com\/showup\/famosos\/2018\/03\/01\/charlie-heaton-estara-la-tercera-temporada-stranger-things\/","title":{"rendered":"Charlie Heaton estar\u00e1 en la tercera temporada de Stranger Things"},"content":{"rendered":"<h3><strong>A finales de octubre del a\u00f1o pasado, el actor fue detenido en el aeropuerto de Los \u00c1ngeles por ingresar con coca\u00edna.<\/strong><\/h3>\n<p>&nbsp;<\/p>\n<p>Charlie Heaton, m\u00e1s conocido como Jonathan Byers en Stranger Things, fue detendio por la polic\u00eda aeroportuaria de Los \u00c1ngeles al intentar ingresar al pa\u00eds con coca\u00edna. Despu\u00e9s de estar detenido varias horas en el lugar, fue deportado a Inglaterra, su tierra natal.<\/p>\n<p>Los incidentes pusieron en jaque su participaci\u00f3n en la aclamada serie de Netflix, pero seg\u00fan confirmaron los productores del show a Daily Mail, Heaton no ser\u00e1 despedido ni reemplazado sino que seguir\u00e1 ocupando su lugar en la serie.<br \/>\nAdem\u00e1s, Kim Wilcox, la dise\u00f1adora de vestuario de Stranger Things, confirm\u00f3 que Netflix no despidi\u00f3 al joven actor porque los creadores de la serie \u00ablo valoran a \u00e9l y a su entorno familiar\u00bb.<\/p>\n<p>Wixon segur\u00f3 que Heaton est\u00e1 de regreso y dijo: \u201cCharlie en realidad es uno de mis favoritos de todos los actores y creo que es un alma muy sensible. Creo que es un buen hombre y creo que ha tomado algunas grandes decisiones en su vida y tal vez este fue s\u00f3lo un momento en el que algo se le escap\u00f3\u201d. Adem\u00e1s, agreg\u00f3: \u00abCreo que es un excelente actor y es un gran jugador de conjunto. Creo que en su trabajo y en su labor en Stranger Things 2, yo y todos los dem\u00e1s. \u00c9l es muy profesional y un ser humano incre\u00edblemente generoso, as\u00ed que no veo por qu\u00e9 no lo invitar\u00edan a regresar\u00bb.<\/p>\n","protected":false},"excerpt":{"rendered":"<p>A finales de octubre del a\u00f1o pasado, el actor fue detenido en el aeropuerto de Los \u00c1ngeles por ingresar con coca\u00edna. &nbsp; Charlie Heaton, m\u00e1s conocido como Jonathan Byers en Stranger Things, fue detendio por la polic\u00eda aeroportuaria de Los \u00c1ngeles al intentar ingresar al pa\u00eds con coca\u00edna. Despu\u00e9s de estar detenido varias horas en [&hellip;]<\/p>\n","protected":false},"author":1,"featured_media":58678,"comment_status":"closed","ping_status":"closed","sticky":false,"template":"","format":"standard","meta":{"_seopress_robots_primary_cat":"","_seopress_titles_title":"","_seopress_titles_desc":"","_seopress_robots_index":"","footnotes":""},"categories":[4],"tags":[21082,18712],"class_list":{"0":"post-58677","1":"post","2":"type-post","3":"status-publish","4":"format-standard","5":"has-post-thumbnail","7":"category-famosos","8":"tag-jonathan-byers-en-stranger-things","9":"tag-tercera-temporada-de-stranger-things"},"_links":{"self":[{"href":"https:\/\/www.cordobatimes.com\/showup\/wp-json\/wp\/v2\/posts\/58677","targetHints":{"allow":["GET"]}}],"collection":[{"href":"https:\/\/www.cordobatimes.com\/showup\/wp-json\/wp\/v2\/posts"}],"about":[{"href":"https:\/\/www.cordobatimes.com\/showup\/wp-json\/wp\/v2\/types\/post"}],"author":[{"embeddable":true,"href":"https:\/\/www.cordobatimes.com\/showup\/wp-json\/wp\/v2\/users\/1"}],"replies":[{"embeddable":true,"href":"https:\/\/www.cordobatimes.com\/showup\/wp-json\/wp\/v2\/comments?post=58677"}],"version-history":[{"count":0,"href":"https:\/\/www.cordobatimes.com\/showup\/wp-json\/wp\/v2\/posts\/58677\/revisions"}],"wp:featuredmedia":[{"embeddable":true,"href":"https:\/\/www.cordobatimes.com\/showup\/wp-json\/wp\/v2\/media\/58678"}],"wp:attachment":[{"href":"https:\/\/www.cordobatimes.com\/showup\/wp-json\/wp\/v2\/media?parent=58677"}],"wp:term":[{"taxonomy":"category","embeddable":true,"href":"https:\/\/www.cordobatimes.com\/showup\/wp-json\/wp\/v2\/categories?post=58677"},{"taxonomy":"post_tag","embeddable":true,"href":"https:\/\/www.cordobatimes.com\/showup\/wp-json\/wp\/v2\/tags?post=58677"}],"curies":[{"name":"wp","href":"https:\/\/api.w.org\/{rel}","templated":true}]}}