{"id":58583,"date":"2018-02-23T11:39:06","date_gmt":"2018-02-23T14:39:06","guid":{"rendered":"http:\/\/www.cordobatimes.com\/showup\/?p=58583"},"modified":"2020-06-19T11:56:28","modified_gmt":"2020-06-19T14:56:28","slug":"warner-bros-prepara-nuevo-remake-charlie-la-fabrica-chocolate","status":"publish","type":"post","link":"https:\/\/www.cordobatimes.com\/showup\/cine-y-series\/2018\/02\/23\/warner-bros-prepara-nuevo-remake-charlie-la-fabrica-chocolate\/","title":{"rendered":"Warner Bros prepara un nuevo remake de Charlie y la f\u00e1brica de chocolate"},"content":{"rendered":"<h3 class=\"gp-subtitle\">La pel\u00edcula correr\u00e1 a cargo del director de Paddington.<\/h3>\n<p>M\u00e1s de medio siglo despu\u00e9s, la novela de\u00a0Roal Dahl\u00a0sigue retumbando tanto en la imaginaci\u00f3n de las nuevas generaciones como en las oficinas de\u00a0<em>Hollywood<\/em>.\u00a0\u201cCharlie y la f\u00e1brica de chocolate\u201d\u00a0\u00a0se convirti\u00f3 en un fen\u00f3meno cuando se public\u00f3 en 1963, y su \u00e9xito le llev\u00f3 a tener una primera adaptaci\u00f3n al cine poco tiempo despu\u00e9s. El estreno de\u00a0\u201cUn mundo de fantas\u00eda\u201d\u00a0en 1971 con\u00a0Mel Stuart\u00a0como director termin\u00f3 de relanzar un fen\u00f3meno que pasar\u00eda al congelador durante las d\u00e9cadas siguientes hasta que\u00a0Tim Burtonlo recuperar\u00eda. Han pasado ya 13 a\u00f1os desde la adaptaci\u00f3n del particular director, y aunque no se ha vuelto a saber nada del mundo ficticio de Dahl desde entonces, ahora\u00a0los Oompa-Loompas ya preparan su regreso.<\/p>\n<p><em>The Hollywood Reporter<\/em>\u00a0informa que\u00a0Paul King, director de la exitosa\u00a0\u201cPaddington\u201d, est\u00e1 en negociaciones con\u00a0<em>Warner Bros<\/em>. para dirigir el nuevo<em>\u00a0remake<\/em>\u00a0de\u00a0\u201cCharlie y la f\u00e1brica de chocolate\u201d. El guion de esta nueva pel\u00edcula est\u00e1 corriendo a cargo del humorista\u00a0Simon Rich\u00a0(Saturdary Night Live), mientras que\u00a0David Heyman\u00a0se encargar\u00e1 de nuevo de la producci\u00f3n tras haber sido responsable de la pel\u00edcula de Burton y de haber trabajado recientemente con King en la propia\u00a0\u201cPaddington\u201d.<\/p>\n<p>Willy Wonka\u00a0volver\u00e1 as\u00ed por tercera vez a la gran pantalla con una nueva adaptaci\u00f3n que todav\u00eda no se sabe muy bien qu\u00e9 formato adaptar\u00e1. El pasado 2016 Heyman revel\u00f3 los planes para una pel\u00edcula<em>\u00a0reboot<\/em>\u00a0sobre el due\u00f1o de la exc\u00e9ntrica f\u00e1brica, pero todo termin\u00f3 en un caj\u00f3n. Ahora\u00a0<em>Warner<\/em>\u00a0reaparece con este proyecto que\u00a0espera convertir en franquiciapara colocar a\u00a0\u201cCharlie y la f\u00e1brica de chocolate\u201d\u00a0en uno de sus pilares de los pr\u00f3ximos a\u00f1os. \u00bfTendr\u00e1 \u00e9xito? Lo que parece claro es que los cl\u00e1sicos nunca mueren, y que los Oompa-Loompas ya se preparan para cantar de nuevo bajo r\u00edos de chocolate.<\/p>\n","protected":false},"excerpt":{"rendered":"<p>La pel\u00edcula correr\u00e1 a cargo del director de Paddington. M\u00e1s de medio siglo despu\u00e9s, la novela de\u00a0Roal Dahl\u00a0sigue retumbando tanto en la imaginaci\u00f3n de las nuevas generaciones como en las oficinas de\u00a0Hollywood.\u00a0\u201cCharlie y la f\u00e1brica de chocolate\u201d\u00a0\u00a0se convirti\u00f3 en un fen\u00f3meno cuando se public\u00f3 en 1963, y su \u00e9xito le llev\u00f3 a tener una primera [&hellip;]<\/p>\n","protected":false},"author":1,"featured_media":58584,"comment_status":"closed","ping_status":"closed","sticky":false,"template":"","format":"standard","meta":{"_seopress_robots_primary_cat":"","_seopress_titles_title":"","_seopress_titles_desc":"","_seopress_robots_index":"","footnotes":""},"categories":[3],"tags":[21032],"class_list":{"0":"post-58583","1":"post","2":"type-post","3":"status-publish","4":"format-standard","5":"has-post-thumbnail","7":"category-cine-y-series","8":"tag-remake-de-charlie-y-la-fabrica-de-chocolate"},"_links":{"self":[{"href":"https:\/\/www.cordobatimes.com\/showup\/wp-json\/wp\/v2\/posts\/58583","targetHints":{"allow":["GET"]}}],"collection":[{"href":"https:\/\/www.cordobatimes.com\/showup\/wp-json\/wp\/v2\/posts"}],"about":[{"href":"https:\/\/www.cordobatimes.com\/showup\/wp-json\/wp\/v2\/types\/post"}],"author":[{"embeddable":true,"href":"https:\/\/www.cordobatimes.com\/showup\/wp-json\/wp\/v2\/users\/1"}],"replies":[{"embeddable":true,"href":"https:\/\/www.cordobatimes.com\/showup\/wp-json\/wp\/v2\/comments?post=58583"}],"version-history":[{"count":0,"href":"https:\/\/www.cordobatimes.com\/showup\/wp-json\/wp\/v2\/posts\/58583\/revisions"}],"wp:featuredmedia":[{"embeddable":true,"href":"https:\/\/www.cordobatimes.com\/showup\/wp-json\/wp\/v2\/media\/58584"}],"wp:attachment":[{"href":"https:\/\/www.cordobatimes.com\/showup\/wp-json\/wp\/v2\/media?parent=58583"}],"wp:term":[{"taxonomy":"category","embeddable":true,"href":"https:\/\/www.cordobatimes.com\/showup\/wp-json\/wp\/v2\/categories?post=58583"},{"taxonomy":"post_tag","embeddable":true,"href":"https:\/\/www.cordobatimes.com\/showup\/wp-json\/wp\/v2\/tags?post=58583"}],"curies":[{"name":"wp","href":"https:\/\/api.w.org\/{rel}","templated":true}]}}