{"id":58546,"date":"2018-02-22T10:34:49","date_gmt":"2018-02-22T13:34:49","guid":{"rendered":"http:\/\/www.cordobatimes.com\/showup\/?p=58546"},"modified":"2020-06-19T12:31:58","modified_gmt":"2020-06-19T15:31:58","slug":"la-cumbia-natalia-oreiro-hecha-especialmente-paro-internacional-mujeres","status":"publish","type":"post","link":"https:\/\/www.cordobatimes.com\/showup\/musica\/2018\/02\/22\/la-cumbia-natalia-oreiro-hecha-especialmente-paro-internacional-mujeres\/","title":{"rendered":"La cumbia de Natalia Oreiro hecha especialmente para el Paro Internacional de Mujeres"},"content":{"rendered":"<h3><strong>La cantante grab\u00f3 una versi\u00f3n del tema\u00a0Como Marea\u00a0de Gilda y lo retitul\u00f3\u00a0La marea feminista.<\/strong><\/h3>\n<p>Con la letra modificada, Oreiro lanz\u00f3 el tema de cara al Paro Internacional de Mujeres que se llevar\u00e1 a cabo el 8 de marzo.<\/p>\n<p class=\"SubTitulo\"><strong>La marea feminista<\/strong><\/p>\n<p>Marchando te conoc\u00ed, parando dije que s\u00ed, y desde el 8M, loquita qued\u00e9 por ti. Fue tanto, tanto el clamor, que mareadita qued\u00e9, sin una gota de alcohol de ti yo me emborrach\u00e9.<\/p>\n<p>Como libera la marea feminista, como libera la marea antimachista, como libera la marea del deseo, como libera la marea Ni una menos. Y me libera, me libera la marea. Y me empodera, me empodera la marea. Y nos mareamos, nos mareamos, nos mareamos, porque es muy lindo es estar revolucionadas.<\/p>\n<p>Marchando te conoc\u00ed, parando dije que s\u00ed, y desde el 8M, loquita qued\u00e9 por ti. Fue tanto, tanto el clamor, que mareadita qued\u00e9, sin una gota de alcohol de ti yo me emborrach\u00e9.<\/p>\n<p>Como marea si marchamos todas juntas, como marea si paramos todas juntas, como marea si gritamos todas juntas, como marea si bailamos todas juntas. Y nos paramos, nos paramos, nos paramos todas juntas contra el patriarcado. Y nos paramos, nos paramos las mujeres, porque es muy lindo estar revolucionadas.<\/p>\n<p><iframe loading=\"lazy\" src=\"https:\/\/www.youtube.com\/embed\/i_DTOnQOjmc\" width=\"560\" height=\"315\" frameborder=\"0\" allowfullscreen=\"allowfullscreen\"><\/iframe><\/p>\n","protected":false},"excerpt":{"rendered":"<p>La cantante grab\u00f3 una versi\u00f3n del tema\u00a0Como Marea\u00a0de Gilda y lo retitul\u00f3\u00a0La marea feminista. Con la letra modificada, Oreiro lanz\u00f3 el tema de cara al Paro Internacional de Mujeres que se llevar\u00e1 a cabo el 8 de marzo. La marea feminista Marchando te conoc\u00ed, parando dije que s\u00ed, y desde el 8M, loquita qued\u00e9 por [&hellip;]<\/p>\n","protected":false},"author":1,"featured_media":58547,"comment_status":"closed","ping_status":"closed","sticky":false,"template":"","format":"standard","meta":{"_seopress_robots_primary_cat":"","_seopress_titles_title":"","_seopress_titles_desc":"","_seopress_robots_index":"","footnotes":""},"categories":[5],"tags":[20995,31929],"class_list":{"0":"post-58546","1":"post","2":"type-post","3":"status-publish","4":"format-standard","5":"has-post-thumbnail","7":"category-musica","8":"tag-como-marea-de-gilda","9":"tag-natalia-oreiro-version-del-tema-como-marea-de-gilda"},"_links":{"self":[{"href":"https:\/\/www.cordobatimes.com\/showup\/wp-json\/wp\/v2\/posts\/58546","targetHints":{"allow":["GET"]}}],"collection":[{"href":"https:\/\/www.cordobatimes.com\/showup\/wp-json\/wp\/v2\/posts"}],"about":[{"href":"https:\/\/www.cordobatimes.com\/showup\/wp-json\/wp\/v2\/types\/post"}],"author":[{"embeddable":true,"href":"https:\/\/www.cordobatimes.com\/showup\/wp-json\/wp\/v2\/users\/1"}],"replies":[{"embeddable":true,"href":"https:\/\/www.cordobatimes.com\/showup\/wp-json\/wp\/v2\/comments?post=58546"}],"version-history":[{"count":0,"href":"https:\/\/www.cordobatimes.com\/showup\/wp-json\/wp\/v2\/posts\/58546\/revisions"}],"wp:featuredmedia":[{"embeddable":true,"href":"https:\/\/www.cordobatimes.com\/showup\/wp-json\/wp\/v2\/media\/58547"}],"wp:attachment":[{"href":"https:\/\/www.cordobatimes.com\/showup\/wp-json\/wp\/v2\/media?parent=58546"}],"wp:term":[{"taxonomy":"category","embeddable":true,"href":"https:\/\/www.cordobatimes.com\/showup\/wp-json\/wp\/v2\/categories?post=58546"},{"taxonomy":"post_tag","embeddable":true,"href":"https:\/\/www.cordobatimes.com\/showup\/wp-json\/wp\/v2\/tags?post=58546"}],"curies":[{"name":"wp","href":"https:\/\/api.w.org\/{rel}","templated":true}]}}