{"id":58312,"date":"2018-02-05T13:23:27","date_gmt":"2018-02-05T16:23:27","guid":{"rendered":"http:\/\/www.cordobatimes.com\/showup\/?p=58312"},"modified":"2020-06-20T10:12:02","modified_gmt":"2020-06-20T13:12:02","slug":"lo-mas-destacado-la-ceremonia-los-premios-goya-2018","status":"publish","type":"post","link":"https:\/\/www.cordobatimes.com\/showup\/cine-y-series\/2018\/02\/05\/lo-mas-destacado-la-ceremonia-los-premios-goya-2018\/","title":{"rendered":"Lo m\u00e1s destacado de la ceremonia de los Premios Goya 2018"},"content":{"rendered":"<h3><strong>El filme vasco\u00a0Handia\u00a0fue la m\u00e1s premiada de la noche pero\u00a0La librer\u00eda\u00a0gan\u00f3 las tres principales principales categor\u00edas, incluyendo mejor pel\u00edcula.\u00a0<\/strong><\/h3>\n<p>La realizadora Isabel Coixet triunf\u00f3 el s\u00e1bado en los\u00a0Premios Goya\u00a0con\u00a0La librer\u00eda, elegida mejor pel\u00edcula en una gala en la que el filme vasco\u00a0Handia\u00a0arras\u00f3 con diez trofeos, en su mayor\u00eda en categor\u00edas t\u00e9cnicas.<\/p>\n<p>La librer\u00eda, una adaptaci\u00f3n de la novela de Penelope Fitzgerald sobre una viuda tenaz que se planta al rechazo de sus vecinos de la Inglaterra rural a su negocio de libros, se alz\u00f3 con el premio a la mejor pel\u00edcula, direcci\u00f3n y guion adaptado. Coixet subi\u00f3 al escenario en tres ocasiones para agradecerlos.<\/p>\n<p>En 32 a\u00f1os de historia de los premios, solo tres pel\u00edculas dirigidas por mujeres han logrado el Goya m\u00e1s importante: Ic\u00edar Bolla\u00edn lo hizo en 2004 con\u00a0Te doy mis ojos\u00a0y dos a\u00f1os despu\u00e9s, precisamente tambi\u00e9n Isabel Coixet, con\u00a0La vida secreta de las palabras.<\/p>\n<p>\u00abA todas esas mujeres que van al cine, que leen libros y que hacen que todav\u00eda estemos aqu\u00ed\u00bb, dijo la realizadora catalana. \u00abSobre todo a mi madre porque cuando yo era peque\u00f1a y me escaqueaba de todas las cosas de casa, mi padre se enfadaba y mi madre siempre dec\u00eda &#8216;t\u00fa deja que la ni\u00f1a lea, que de algo le servir\u00e1\u00bb.<\/p>\n<p>Junto a Coixet, la joven cineasta Carla Sim\u00f3n se erigi\u00f3 con el honor a la mejor direcci\u00f3n novel por\u00a0<strong>Estiu 1993,<\/strong>\u00a0subrayando la calidad del cine hecho por mujeres a pesar de su pobre representaci\u00f3n dentro y fuera de la pantalla.<\/p>\n<p>El clamor por la igualdad de g\u00e9nero centr\u00f3 los gestos y discursos durante la fiesta del cine espa\u00f1ol de este a\u00f1o. A Coixet, Sim\u00f3n y la actriz Pen\u00e9lope Cruz, que fueron las pioneras al cruzar la alfombra roja con abanicos impresos con el mensaje #MASMUJERES, se fueron sumando otros asistentes.<\/p>\n<p>\u00abRebeld\u00eda, resistencia y amor\u00bb, dijo la actriz chilena Daniela Vega, protagonista de \u00abUna mujer fant\u00e1stica\u00bb, sum\u00e1ndose a una reivindicaci\u00f3n que se hizo un\u00e1nime. Vega acompa\u00f1\u00f3 sobre el escenario en Madrid a su director, Sebasti\u00e1n Lelio, al recoger el Goya a la mejor pel\u00edcula iberoamericana.<\/p>\n<p>La cinta chilena se impuso al documental colombiano<strong>\u00a0Amazona<\/strong>, la pel\u00edcula mexicana\u00a0<strong>Tempestad<\/strong>y la argentina<strong>\u00a0Zama<\/strong>, sumando as\u00ed a una larga lista de reconocimientos a la espera de los Oscar de Hollywood, a los que fue nominada a mejor pel\u00edcula en lengua extranjera.<\/p>\n<p>El actor Eneko Sagardoy, que en\u00a0<strong>Handia<\/strong>\u00a0da vida a un gigante que recorre la Europa del siglo XIX en busca de fortuna junto a su hermano, dio el pistoletazo de salida a la gala recogiendo el premio a mejor actor revelaci\u00f3n, y con \u00e9l inaugur\u00f3 adem\u00e1s la buena racha para el filme vasco.<\/p>\n<p>\u00abPor aquellos que no se sienten comprendidos\u00bb, dijo el actor. \u00abPor esas identidades y esos cuerpos raros. \u00edQue viva!\u00bb.<\/p>\n<p>La cinta de Aitor Arregi y Jon Gara\u00f1o arras\u00f3 en la mayor\u00eda de las categor\u00edas t\u00e9cnicas, con premios que incluyeron vestuario, montaje, sonido, direcci\u00f3n de producci\u00f3n, direcci\u00f3n art\u00edstica y de fotograf\u00eda, maquillaje y peluquer\u00eda, efectos especiales, adem\u00e1s de guion y m\u00fasica originales.<\/p>\n<p>Handia,\u00a0rodada en vasco, hab\u00eda llegado a la ceremonia con 13 nominaciones, seguida de\u00a0La librer\u00eda,\u00a0en ingl\u00e9s, que optaba a 12 premios. Aunque\u00a0La librer\u00eda\u00a0se fue con solo tres estatuillas, fueron en las principales categor\u00edas.<\/p>\n<p>Ambos filmes se disputaban el galard\u00f3n a mejor filme con \u00abEstiu 1993\u00bb, sobre el primer verano de una ni\u00f1a con sus padres adoptivos, que se acab\u00f3 llevando tres premios; \u00abEl autor\u00bb, sobre los quiebros existenciales y manipuladores de un aspirante a novelista, que obtuvo dos; y el terror enlatado en banda sonora de los a\u00f1os 90, \u00abVer\u00f3nica\u00bb, que gan\u00f3 mejor sonido.<\/p>\n<p>Cruz y Javier Bardem, la pareja de oro del cine espa\u00f1ol, recibi\u00f3 miradas y ovaciones, pero se march\u00f3 con las manos vac\u00edas. Ambos estaban nominados por sus interpretaciones en \u00abLoving Pablo\u00bb, basada en las memorias de la periodista colombiana Virginia Vallejo sobre su relaci\u00f3n con el narcotraficante Pablo Escobar.<\/p>\n<p>Los premios a las mejores actuaciones fueron para Javier Guti\u00e9rrez, por su trabajo en \u00abEl autor\u00bb, y Nathalie Poza por su papel de una mujer que emprende un viaje con su padre huyendo de la enfermedad y la muerte en \u00abNo s\u00e9 decir adi\u00f3s\u00bb. La actriz subi\u00f3 al escenario con el abanico reivindicativo en mano.<\/p>\n<p>El Goya a la mejor direcci\u00f3n novel para Sim\u00f3n result\u00f3 uno de los m\u00e1s aplaudidos de la gala. La realizadora dedic\u00f3 el premio a sus padres biol\u00f3gicos \u00aby a todos los de su generaci\u00f3n que murieron por el VIH, quiero que d\u00e9 fuerzas a todas las personas que viven con el virus, pues considero que es absurdo el estigma\u00bb.<\/p>\n<p>La segunda gran ovaci\u00f3n de la noche, esta vez con el auditorio al completo en pie, se la llev\u00f3 la veterana Marisa Paredes, actriz fetiche del realizador Pedro Almod\u00f3var. La int\u00e9rprete de 71 a\u00f1os _y expresidenta de la Academia de Cine, que entrega los premios_ recogi\u00f3 el primer Goya de su extensa trayectoria: el Goya de Honor.<\/p>\n<p>\u00abPor fin nos vemos las caras t\u00fa y yo\u00bb, dijo en el escenario mirando los ojos del busto del pintor Francisco de Goya, que da nombre a estos premios.<\/p>\n<p>Los abanicos feministas volvieron a aparecer cuando la vicepresidenta de la Academia, Nora Navas, blandi\u00f3 otra lanza en favor de la igualdad de oportunidades para mujeres como int\u00e9rpretes, pero tambi\u00e9n al frente de proyectos cinematogr\u00e1ficos y en roles t\u00e9cnicos.<\/p>\n<p>\u00abY nadie tiene que sentirse inc\u00f3modo porque eso ocurra, porque derrotando la superioridad de g\u00e9nero derrotaremos el monstruo de la violencia contra las mujeres\u00bb, dijo Navas, a\u00f1adiendo que \u00abdebemos lograrlo todos juntos. Todas, juntas\u00bb.<\/p>\n<p>Navas tambi\u00e9n destac\u00f3 que el cine espa\u00f1ol recaud\u00f3 m\u00e1s de 100 millones de euros (124 millones de d\u00f3lares) en 2017 a pesar del impuesto de valor a\u00f1adido al cine que \u00absigue ah\u00ed, al 21%, a pesar de las promesas y anuncios oficiales de que bajar\u00eda\u00bb, dijo se\u00f1alando al ministro espa\u00f1ol de Cultura, presente entre el p\u00fablico de la gala.<\/p>\n","protected":false},"excerpt":{"rendered":"<p>El filme vasco\u00a0Handia\u00a0fue la m\u00e1s premiada de la noche pero\u00a0La librer\u00eda\u00a0gan\u00f3 las tres principales principales categor\u00edas, incluyendo mejor pel\u00edcula.\u00a0 La realizadora Isabel Coixet triunf\u00f3 el s\u00e1bado en los\u00a0Premios Goya\u00a0con\u00a0La librer\u00eda, elegida mejor pel\u00edcula en una gala en la que el filme vasco\u00a0Handia\u00a0arras\u00f3 con diez trofeos, en su mayor\u00eda en categor\u00edas t\u00e9cnicas. La librer\u00eda, una adaptaci\u00f3n [&hellip;]<\/p>\n","protected":false},"author":1,"featured_media":58313,"comment_status":"closed","ping_status":"closed","sticky":false,"template":"","format":"standard","meta":{"_seopress_robots_primary_cat":"","_seopress_titles_title":"","_seopress_titles_desc":"","_seopress_robots_index":"","footnotes":""},"categories":[3],"tags":[20815,20816],"class_list":{"0":"post-58312","1":"post","2":"type-post","3":"status-publish","4":"format-standard","5":"has-post-thumbnail","7":"category-cine-y-series","8":"tag-ceremonia-de-los-premios-goya-2018","9":"tag-premios-goya-2018"},"_links":{"self":[{"href":"https:\/\/www.cordobatimes.com\/showup\/wp-json\/wp\/v2\/posts\/58312","targetHints":{"allow":["GET"]}}],"collection":[{"href":"https:\/\/www.cordobatimes.com\/showup\/wp-json\/wp\/v2\/posts"}],"about":[{"href":"https:\/\/www.cordobatimes.com\/showup\/wp-json\/wp\/v2\/types\/post"}],"author":[{"embeddable":true,"href":"https:\/\/www.cordobatimes.com\/showup\/wp-json\/wp\/v2\/users\/1"}],"replies":[{"embeddable":true,"href":"https:\/\/www.cordobatimes.com\/showup\/wp-json\/wp\/v2\/comments?post=58312"}],"version-history":[{"count":0,"href":"https:\/\/www.cordobatimes.com\/showup\/wp-json\/wp\/v2\/posts\/58312\/revisions"}],"wp:featuredmedia":[{"embeddable":true,"href":"https:\/\/www.cordobatimes.com\/showup\/wp-json\/wp\/v2\/media\/58313"}],"wp:attachment":[{"href":"https:\/\/www.cordobatimes.com\/showup\/wp-json\/wp\/v2\/media?parent=58312"}],"wp:term":[{"taxonomy":"category","embeddable":true,"href":"https:\/\/www.cordobatimes.com\/showup\/wp-json\/wp\/v2\/categories?post=58312"},{"taxonomy":"post_tag","embeddable":true,"href":"https:\/\/www.cordobatimes.com\/showup\/wp-json\/wp\/v2\/tags?post=58312"}],"curies":[{"name":"wp","href":"https:\/\/api.w.org\/{rel}","templated":true}]}}