{"id":58122,"date":"2018-01-23T11:22:53","date_gmt":"2018-01-23T14:22:53","guid":{"rendered":"http:\/\/www.cordobatimes.com\/showup\/?p=58122"},"modified":"2020-06-14T13:32:28","modified_gmt":"2020-06-14T16:32:28","slug":"dia-cumpleanos-recordamos-luis-alberto-spinetta","status":"publish","type":"post","link":"https:\/\/www.cordobatimes.com\/showup\/musica\/2018\/01\/23\/dia-cumpleanos-recordamos-luis-alberto-spinetta\/","title":{"rendered":"En el d\u00eda de su cumplea\u00f1os recordamos a Luis Alberto Spinetta"},"content":{"rendered":"<h3><strong>Luis Alberto Spinetta ser\u00e1 homenajeado esta noche en Ciudad Cultural Konex por algunos de los m\u00fasicos que tocaron con \u00e9l.<\/strong><\/h3>\n<p class=\"capital\">Hoy es el D\u00eda Nacional del M\u00fasico, instaurado porque en esta fecha pero de 1950 naci\u00f3\u00a0Luis Alberto Spinetta\u00a0. Y hoy es el d\u00eda que un grupo de m\u00fasicos eligi\u00f3 para recordarlo tocando 25 de sus canciones m\u00e1s emblem\u00e1ticas.<\/p>\n<p><iframe loading=\"lazy\" src=\"https:\/\/www.youtube.com\/embed\/38jG_1bELEs?list=PL2qLPdosGSastHD91PC9jl1IHkYEY1GQB\" width=\"560\" height=\"315\" frameborder=\"0\" allowfullscreen=\"allowfullscreen\"><\/iframe><\/p>\n<p>&nbsp;<\/p>\n<p><iframe loading=\"lazy\" src=\"https:\/\/www.youtube.com\/embed\/Zy3x5VcUQ50?list=PL2qLPdosGSastHD91PC9jl1IHkYEY1GQB\" width=\"560\" height=\"315\" frameborder=\"0\" allowfullscreen=\"allowfullscreen\"><\/iframe><\/p>\n<p><iframe loading=\"lazy\" src=\"https:\/\/www.youtube.com\/embed\/BfYR6EH_9qg?list=PL2qLPdosGSastHD91PC9jl1IHkYEY1GQB\" width=\"560\" height=\"315\" frameborder=\"0\" allowfullscreen=\"allowfullscreen\"><\/iframe><\/p>\n<p><iframe loading=\"lazy\" src=\"https:\/\/www.youtube.com\/embed\/RZROH7Lg_SU?list=PL2qLPdosGSastHD91PC9jl1IHkYEY1GQB\" width=\"560\" height=\"315\" frameborder=\"0\" allowfullscreen=\"allowfullscreen\"><\/iframe><\/p>\n<div id=\"caja_1\" class=\"banner caja\" data-dispositivo=\"mobile\" data-adtype=\"bigbox\">\u00a0El Flaco Spinetta es probablemente el artista del rock argentino m\u00e1s homenajeado y recordado desde su muerte,\u00a0ocurrida el 8 de febrero de 2012. Hoy se realizar\u00e1 el segundo tributo en la\u00a0Ciudad Cultural Konex, el mismo lugar donde \u00e9l toc\u00f3 hace un par de d\u00e9cadas en la inauguraci\u00f3n del espacio cultural; el mismo sitio en el que se lo record\u00f3 con un gran concierto en 2016. Ahora, ese gesto cari\u00f1oso se repite, con un espect\u00e1culo que estar\u00e1 dirigido por Javier Malosetti e integrado por otros m\u00fasicos que tocaron con El Flaco. Una banda estable (Mono Fontana, Claudio Cardone, Lito Epumer, Sergio Verdinelli y Malosetti) y una larga lista de invitados (Le\u00f3n Gieco, David Leb\u00f3n, Ricardo Mollo, Rub\u00e9n Gold\u00edn, Machi Rufino, Emilio Del Guercio, Rodolfo Garc\u00eda, Leo Sujatovich, Dhani Ferr\u00f3n, Baltasar Comotto, Gustavo Spinetta y Daniel Rawsi).<\/div>\n<div data-dispositivo=\"mobile\" data-adtype=\"bigbox\"><\/div>\n<div data-dispositivo=\"mobile\" data-adtype=\"bigbox\">Los tributos son muy variados. Hace algunos a\u00f1os, a instancias de Radio Nacional La Folkl\u00f3rica, m\u00fasicos del folklore se animaron a versionar sus temas; el a\u00f1o pasado, en la voz de Nahuel Pennisi, Spinetta fue recordado en el programa\u00a0<i>ShowMatch<\/i>; y su frase \u00abMa\u00f1ana es mejor\u00bb de la \u00abCantata de puentes amarillos\u00bb, fue el disparador de un homenaje en m\u00e1s de veinte centros culturales, que ya lleva seis ediciones, para recordarlo y al mismo tiempo, colaborar con la difusi\u00f3n de las campa\u00f1as de la ONG Conduciendo a Conciencia, que Spinetta apoy\u00f3 desde la tragedia del colegio Ecos (cuando diez chicos murieron en un accidente vial).<\/div>\n<div data-dispositivo=\"mobile\" data-adtype=\"bigbox\"><\/div>\n<p><iframe loading=\"lazy\" src=\"https:\/\/open.spotify.com\/embed\/album\/6HX9ylYdeJpnHImYvDdbG7\" width=\"300\" height=\"380\" frameborder=\"0\"><\/iframe><\/p>\n<p>El disparador del homenaje de esta noche fue \u00abEl marcapiel\u00bb, tema que El Flaco grab\u00f3 en su disco T\u00e9ster de Violencia. Si fue capaz de inventar acordes para la guitarra \u00bfpor qu\u00e9 no palabras? As\u00ed como se escribe, marcapiel no existe en los diccionarios. Tampoco Spinetta apuntaba al sentido m\u00e1s literal del t\u00e9rmino (la se\u00f1al de algo que qued\u00f3 grabada en la epidermis). \u00c9l fue a lo m\u00e1s profundo. En uno de los recitales donde present\u00f3, all\u00e1 por 1988, T\u00e9ster de violencia, se refiri\u00f3 a \u00abEl marcapiel\u00bb como esos amores que dejan marca.<\/p>\n<p>\u00abCreo que me dej\u00f3 las mismas marcas que a todos -dice Javier Malosetti , antes del concierto- s\u00f3lo que yo estuve un poco m\u00e1s cerca. Lo vi trabajar el desarrollo de una canci\u00f3n y me dej\u00f3 su generosidad y su humor desopilante y hermoso\u00bb.<\/p>\n<p>El concierto intentar\u00e1 recrear el que se realiz\u00f3 en 2016, aunque con algunos cambios. No participar\u00e1n artistas como Fabiana Cantilo y se sumar\u00e1n otros que fueron convocados para el primero pero no hab\u00edan podido participar, como Le\u00f3n Gieco y Ricardo Mollo (cantar\u00e1n el tema \u00ab8 de octubre\u00bb, que recuerda la tragedia del colegio Ecos).<\/p>\n<p><img alt=\"\" loading=\"lazy\" decoding=\"async\" class=\"alignnone size-full wp-image-58124\" src=\"http:\/\/www.cordobatimes.com\/showup\/wp-content\/uploads\/2018\/01\/5-9.jpg\" alt=\"\" width=\"740\" height=\"493\" srcset=\"https:\/\/www.cordobatimes.com\/showup\/wp-content\/uploads\/2018\/01\/5-9.jpg 740w, https:\/\/www.cordobatimes.com\/showup\/wp-content\/uploads\/2018\/01\/5-9-630x420.jpg 630w\" sizes=\"auto, (max-width: 740px) 100vw, 740px\" \/><\/p>\n<p>Una semana antes de este concierto hizo un poco de ruido el hecho de que no hubieran mujeres sobre el escenario. Malosetti explica que Fabiana Cantilo est\u00e1 en Uruguay, lo mismo que Vera Spinetta. Y que la bajista Nerina Nicotra, que tocara en las \u00faltimas formaciones de Spinetta, no vive en la Argentina. \u00abTampoco est\u00e1n Pomo, Guillermo Arrom ni Marcelo Torres. Tampoco vamos a tocar 400 canciones. Son 25. Me duele mucho que se asocie esto a una discusi\u00f3n berreta en los medios\u00bb, sostiene Malosetti. \u00abLo importante para m\u00ed es que se escuchen las canciones. Queremos que esto sea lo m\u00e1s fiel a los discos. Dhani Ferr\u00f3n toca los acordes de la misma manera como los armaba Spinetta\u00bb, concluye el bajista y guitarrista.<\/p>\n<p>El marcapiel. Homenaje a Luis Alberto Spinetta. Hoy, a las 19, en la Ciudad Cultural Konex, Sarmiento 3131. Entrada: 500 pesos<\/p>\n","protected":false},"excerpt":{"rendered":"<p>Luis Alberto Spinetta ser\u00e1 homenajeado esta noche en Ciudad Cultural Konex por algunos de los m\u00fasicos que tocaron con \u00e9l. Hoy es el D\u00eda Nacional del M\u00fasico, instaurado porque en esta fecha pero de 1950 naci\u00f3\u00a0Luis Alberto Spinetta\u00a0. Y hoy es el d\u00eda que un grupo de m\u00fasicos eligi\u00f3 para recordarlo tocando 25 de sus [&hellip;]<\/p>\n","protected":false},"author":1,"featured_media":58123,"comment_status":"closed","ping_status":"closed","sticky":false,"template":"","format":"standard","meta":{"_seopress_robots_primary_cat":"","_seopress_titles_title":"","_seopress_titles_desc":"","_seopress_robots_index":"","footnotes":""},"categories":[5],"tags":[20655],"class_list":{"0":"post-58122","1":"post","2":"type-post","3":"status-publish","4":"format-standard","5":"has-post-thumbnail","7":"category-musica","8":"tag-homenaje-a-luis-alberto-spinetta"},"_links":{"self":[{"href":"https:\/\/www.cordobatimes.com\/showup\/wp-json\/wp\/v2\/posts\/58122","targetHints":{"allow":["GET"]}}],"collection":[{"href":"https:\/\/www.cordobatimes.com\/showup\/wp-json\/wp\/v2\/posts"}],"about":[{"href":"https:\/\/www.cordobatimes.com\/showup\/wp-json\/wp\/v2\/types\/post"}],"author":[{"embeddable":true,"href":"https:\/\/www.cordobatimes.com\/showup\/wp-json\/wp\/v2\/users\/1"}],"replies":[{"embeddable":true,"href":"https:\/\/www.cordobatimes.com\/showup\/wp-json\/wp\/v2\/comments?post=58122"}],"version-history":[{"count":0,"href":"https:\/\/www.cordobatimes.com\/showup\/wp-json\/wp\/v2\/posts\/58122\/revisions"}],"wp:featuredmedia":[{"embeddable":true,"href":"https:\/\/www.cordobatimes.com\/showup\/wp-json\/wp\/v2\/media\/58123"}],"wp:attachment":[{"href":"https:\/\/www.cordobatimes.com\/showup\/wp-json\/wp\/v2\/media?parent=58122"}],"wp:term":[{"taxonomy":"category","embeddable":true,"href":"https:\/\/www.cordobatimes.com\/showup\/wp-json\/wp\/v2\/categories?post=58122"},{"taxonomy":"post_tag","embeddable":true,"href":"https:\/\/www.cordobatimes.com\/showup\/wp-json\/wp\/v2\/tags?post=58122"}],"curies":[{"name":"wp","href":"https:\/\/api.w.org\/{rel}","templated":true}]}}