{"id":57631,"date":"2017-12-19T10:47:13","date_gmt":"2017-12-19T13:47:13","guid":{"rendered":"http:\/\/www.cordobatimes.com\/showup\/?p=57631"},"modified":"2022-10-31T22:15:02","modified_gmt":"2022-11-01T01:15:02","slug":"lo-logro-otra-vez-flor-vigna-se-consagro-bicampeona-del-bailando-2017","status":"publish","type":"post","link":"https:\/\/www.cordobatimes.com\/showup\/tv\/2017\/12\/19\/lo-logro-otra-vez-flor-vigna-se-consagro-bicampeona-del-bailando-2017\/","title":{"rendered":"Lo logr\u00f3 otra vez: Flor Vigna se consagr\u00f3  bicampeona del Bailando 2017"},"content":{"rendered":"<h3><strong>Se impusieron por un ajustad\u00edsimo 50,09% a 49,93% a\u00a0Laurita Fernandez\u00a0y\u00a0Fede Bal.<\/strong><\/h3>\n<p>En una recta final cabeza a cabeza, la m\u00e1s cerrada de la historia de\u00a0ShowMatch,\u00a0Flor Vigna\u00a0retuvo su t\u00edtulo de campeona y gan\u00f3\u00a0Bailando 2017\u00a0junto a\u00a0Gonzalo Gerber. La pareja se impuso en el voto tel\u00e9fonico a\u00a0Fede Bal\u00a0y\u00a0Laurita Fern\u00e1ndez\u00a0por 50,09% frente a un 49,93%.<\/p>\n<p><iframe loading=\"lazy\" src=\"https:\/\/www.youtube.com\/embed\/ADIkLrgHAzw\" width=\"560\" height=\"315\" frameborder=\"0\" allowfullscreen=\"allowfullscreen\"><\/iframe><\/p>\n<p>Un millon trescientos mil votos consagraron a la excapitana de Combate como bicampeona.<\/p>\n","protected":false},"excerpt":{"rendered":"<p>Se impusieron por un ajustad\u00edsimo 50,09% a 49,93% a\u00a0Laurita Fernandez\u00a0y\u00a0Fede Bal. En una recta final cabeza a cabeza, la m\u00e1s cerrada de la historia de\u00a0ShowMatch,\u00a0Flor Vigna\u00a0retuvo su t\u00edtulo de campeona y gan\u00f3\u00a0Bailando 2017\u00a0junto a\u00a0Gonzalo Gerber. La pareja se impuso en el voto tel\u00e9fonico a\u00a0Fede Bal\u00a0y\u00a0Laurita Fern\u00e1ndez\u00a0por 50,09% frente a un 49,93%. Un millon trescientos mil [&hellip;]<\/p>\n","protected":false},"author":1,"featured_media":57632,"comment_status":"closed","ping_status":"closed","sticky":false,"template":"","format":"standard","meta":{"_seopress_robots_primary_cat":"","_seopress_titles_title":"","_seopress_titles_desc":"","_seopress_robots_index":"","footnotes":""},"categories":[477,2],"tags":[31892,20009],"class_list":{"0":"post-57631","1":"post","2":"type-post","3":"status-publish","4":"format-standard","5":"has-post-thumbnail","7":"category-showmatch","8":"category-tv","9":"tag-flor-vigna-bicampeona-del-bailando-2017","10":"tag-flor-vigna-y-gonzalo-gerber"},"_links":{"self":[{"href":"https:\/\/www.cordobatimes.com\/showup\/wp-json\/wp\/v2\/posts\/57631","targetHints":{"allow":["GET"]}}],"collection":[{"href":"https:\/\/www.cordobatimes.com\/showup\/wp-json\/wp\/v2\/posts"}],"about":[{"href":"https:\/\/www.cordobatimes.com\/showup\/wp-json\/wp\/v2\/types\/post"}],"author":[{"embeddable":true,"href":"https:\/\/www.cordobatimes.com\/showup\/wp-json\/wp\/v2\/users\/1"}],"replies":[{"embeddable":true,"href":"https:\/\/www.cordobatimes.com\/showup\/wp-json\/wp\/v2\/comments?post=57631"}],"version-history":[{"count":0,"href":"https:\/\/www.cordobatimes.com\/showup\/wp-json\/wp\/v2\/posts\/57631\/revisions"}],"wp:featuredmedia":[{"embeddable":true,"href":"https:\/\/www.cordobatimes.com\/showup\/wp-json\/wp\/v2\/media\/57632"}],"wp:attachment":[{"href":"https:\/\/www.cordobatimes.com\/showup\/wp-json\/wp\/v2\/media?parent=57631"}],"wp:term":[{"taxonomy":"category","embeddable":true,"href":"https:\/\/www.cordobatimes.com\/showup\/wp-json\/wp\/v2\/categories?post=57631"},{"taxonomy":"post_tag","embeddable":true,"href":"https:\/\/www.cordobatimes.com\/showup\/wp-json\/wp\/v2\/tags?post=57631"}],"curies":[{"name":"wp","href":"https:\/\/api.w.org\/{rel}","templated":true}]}}