{"id":57610,"date":"2017-12-18T10:10:27","date_gmt":"2017-12-18T13:10:27","guid":{"rendered":"http:\/\/www.cordobatimes.com\/showup\/?p=57610"},"modified":"2020-06-14T08:42:39","modified_gmt":"2020-06-14T11:42:39","slug":"tiramisu-navideno","status":"publish","type":"post","link":"https:\/\/www.cordobatimes.com\/showup\/cocina\/2017\/12\/18\/tiramisu-navideno\/","title":{"rendered":"Tiramis\u00fa Navide\u00f1o"},"content":{"rendered":"<h3><strong>Ingredientes\u00a0<\/strong><\/h3>\n<ul class=\"no-bullet recipe-ingredients-list\" data-reactid=\"232\">\n<li data-reactid=\"233\">\n<p class=\"p-ingredient\" data-reactid=\"234\">4 huevos<\/p>\n<\/li>\n<li data-reactid=\"235\">\n<p class=\"p-ingredient\" data-reactid=\"236\">125 gr. de az\u00facar<\/p>\n<\/li>\n<li data-reactid=\"237\">\n<p class=\"p-ingredient\" data-reactid=\"238\">125 gr. de harina de<\/p>\n<\/li>\n<li data-reactid=\"239\">\n<p class=\"p-ingredient\" data-reactid=\"240\">500 gr. de mascarpone<\/p>\n<\/li>\n<\/ul>\n<ul class=\"no-bullet recipe-ingredients-list second\" data-reactid=\"241\">\n<li data-reactid=\"242\">\n<p class=\"p-ingredient\" data-reactid=\"243\">100 gr. de crema de leche<\/p>\n<\/li>\n<li data-reactid=\"244\">\n<p class=\"p-ingredient\" data-reactid=\"245\">4 cdas. de az\u00facar glass<\/p>\n<\/li>\n<li data-reactid=\"246\">\n<p class=\"p-ingredient\" data-reactid=\"247\">Caf\u00e9<\/p>\n<\/li>\n<li data-reactid=\"248\">\n<p class=\"p-ingredient\" data-reactid=\"249\">Cacao amargo en polvo<\/p>\n<\/li>\n<\/ul>\n<p>&nbsp;<\/p>\n<h3><strong>Modo de preparaci\u00f3n<\/strong><\/h3>\n<ul class=\"recipe-steps-list e-instructions\" data-reactid=\"254\">\n<li data-reactid=\"255\">\n<p data-reactid=\"256\">Batir las yemas con el az\u00facar, y reservar las claras. Despu\u00e9s agregar las claras batidas a nieve. A\u00f1adir la harina y mezclar suavemente. Colocar en una bandeja de horno y hornear durante 10 minutos a 180 \u00b0 C.<\/p>\n<\/li>\n<li data-reactid=\"257\">\n<p data-reactid=\"258\">Batir el mascarpone con crema y az\u00facar. Humedecer el bizcocho con caf\u00e9, a continuaci\u00f3n, colocar la crema en el interior.<\/p>\n<\/li>\n<li data-reactid=\"259\">\n<p data-reactid=\"260\">Enrollar la torta y decorar con crema y espolvorear con cacao.<\/p>\n<\/li>\n<\/ul>\n","protected":false},"excerpt":{"rendered":"<p>Ingredientes\u00a0 4 huevos 125 gr. de az\u00facar 125 gr. de harina de 500 gr. de mascarpone 100 gr. de crema de leche 4 cdas. de az\u00facar glass Caf\u00e9 Cacao amargo en polvo &nbsp; Modo de preparaci\u00f3n Batir las yemas con el az\u00facar, y reservar las claras. Despu\u00e9s agregar las claras batidas a nieve. A\u00f1adir la [&hellip;]<\/p>\n","protected":false},"author":1,"featured_media":57611,"comment_status":"closed","ping_status":"closed","sticky":false,"template":"","format":"standard","meta":{"_seopress_robots_primary_cat":"","_seopress_titles_title":"","_seopress_titles_desc":"","_seopress_robots_index":"","footnotes":""},"categories":[1,317],"tags":[31893,18191,20257,20326,20284],"class_list":{"0":"post-57610","1":"post","2":"type-post","3":"status-publish","4":"format-standard","5":"has-post-thumbnail","7":"category-cocina","8":"category-recetas","9":"tag-receta-de-tiramisu-navideno","10":"tag-recetas-dulces","11":"tag-recetas-dulces-navidenas","12":"tag-recetas-para-la-mesa-dulce","13":"tag-recetas-para-navidad"},"_links":{"self":[{"href":"https:\/\/www.cordobatimes.com\/showup\/wp-json\/wp\/v2\/posts\/57610","targetHints":{"allow":["GET"]}}],"collection":[{"href":"https:\/\/www.cordobatimes.com\/showup\/wp-json\/wp\/v2\/posts"}],"about":[{"href":"https:\/\/www.cordobatimes.com\/showup\/wp-json\/wp\/v2\/types\/post"}],"author":[{"embeddable":true,"href":"https:\/\/www.cordobatimes.com\/showup\/wp-json\/wp\/v2\/users\/1"}],"replies":[{"embeddable":true,"href":"https:\/\/www.cordobatimes.com\/showup\/wp-json\/wp\/v2\/comments?post=57610"}],"version-history":[{"count":0,"href":"https:\/\/www.cordobatimes.com\/showup\/wp-json\/wp\/v2\/posts\/57610\/revisions"}],"wp:featuredmedia":[{"embeddable":true,"href":"https:\/\/www.cordobatimes.com\/showup\/wp-json\/wp\/v2\/media\/57611"}],"wp:attachment":[{"href":"https:\/\/www.cordobatimes.com\/showup\/wp-json\/wp\/v2\/media?parent=57610"}],"wp:term":[{"taxonomy":"category","embeddable":true,"href":"https:\/\/www.cordobatimes.com\/showup\/wp-json\/wp\/v2\/categories?post=57610"},{"taxonomy":"post_tag","embeddable":true,"href":"https:\/\/www.cordobatimes.com\/showup\/wp-json\/wp\/v2\/tags?post=57610"}],"curies":[{"name":"wp","href":"https:\/\/api.w.org\/{rel}","templated":true}]}}