{"id":57506,"date":"2017-12-08T12:18:04","date_gmt":"2017-12-08T15:18:04","guid":{"rendered":"http:\/\/www.cordobatimes.com\/showup\/?p=57506"},"modified":"2020-06-14T09:29:29","modified_gmt":"2020-06-14T12:29:29","slug":"ronaldinho-participa-nuevo-videoclip-maluma","status":"publish","type":"post","link":"https:\/\/www.cordobatimes.com\/showup\/musica\/2017\/12\/08\/ronaldinho-participa-nuevo-videoclip-maluma\/","title":{"rendered":"Ronaldinho participa en el nuevo videoclip de Maluma"},"content":{"rendered":"<h3><strong>Maluma lanz\u00f3 el videoclip oficial de\u00a0Coraz\u00f3n\u00a0y cuenta con la presencia\u00a0 de el futbolista brasile\u00f1o.<\/strong><\/h3>\n<p>El cantante colombiano lanz\u00f3 a trav\u00e9s de su cuenta oficial de YouTube el videoclip de su nuevo corte de difusi\u00f3n:<strong>\u00a0<\/strong>Coraz\u00f3n. La canci\u00f3n cuenta con la colaboraci\u00f3n del cantante brasile\u00f1o Nego do Borel, autor original del tema (Voc\u00ea Partiu Meu Cora\u00e7\u00e3<strong>o<\/strong>)<\/p>\n<p>Como detalle, no menor, en el video podemos advertir la presencia de\u00a0Ronaldinho, quien se anima a un \u201cpartidito\u201d con el colombiano. Te dejamos el clip de Maluma y el original, para que compares, ac\u00e1. \u00bfCon cu\u00e1l te qued\u00e1s?<\/p>\n<p><iframe loading=\"lazy\" src=\"https:\/\/www.youtube.com\/embed\/GmHrjFIWl6U\" width=\"560\" height=\"315\" frameborder=\"0\" allowfullscreen=\"allowfullscreen\"><\/iframe><\/p>\n<p><iframe loading=\"lazy\" src=\"https:\/\/www.youtube.com\/embed\/Xp-dKdSUuLk\" width=\"560\" height=\"315\" frameborder=\"0\" allowfullscreen=\"allowfullscreen\"><\/iframe><\/p>\n","protected":false},"excerpt":{"rendered":"<p>Maluma lanz\u00f3 el videoclip oficial de\u00a0Coraz\u00f3n\u00a0y cuenta con la presencia\u00a0 de el futbolista brasile\u00f1o. El cantante colombiano lanz\u00f3 a trav\u00e9s de su cuenta oficial de YouTube el videoclip de su nuevo corte de difusi\u00f3n:\u00a0Coraz\u00f3n. La canci\u00f3n cuenta con la colaboraci\u00f3n del cantante brasile\u00f1o Nego do Borel, autor original del tema (Voc\u00ea Partiu Meu Cora\u00e7\u00e3o) Como [&hellip;]<\/p>\n","protected":false},"author":1,"featured_media":57507,"comment_status":"closed","ping_status":"closed","sticky":false,"template":"","format":"standard","meta":{"_seopress_robots_primary_cat":"","_seopress_titles_title":"","_seopress_titles_desc":"","_seopress_robots_index":"","footnotes":""},"categories":[5],"tags":[31898],"class_list":{"0":"post-57506","1":"post","2":"type-post","3":"status-publish","4":"format-standard","5":"has-post-thumbnail","7":"category-musica","8":"tag-maluma-corazon"},"_links":{"self":[{"href":"https:\/\/www.cordobatimes.com\/showup\/wp-json\/wp\/v2\/posts\/57506","targetHints":{"allow":["GET"]}}],"collection":[{"href":"https:\/\/www.cordobatimes.com\/showup\/wp-json\/wp\/v2\/posts"}],"about":[{"href":"https:\/\/www.cordobatimes.com\/showup\/wp-json\/wp\/v2\/types\/post"}],"author":[{"embeddable":true,"href":"https:\/\/www.cordobatimes.com\/showup\/wp-json\/wp\/v2\/users\/1"}],"replies":[{"embeddable":true,"href":"https:\/\/www.cordobatimes.com\/showup\/wp-json\/wp\/v2\/comments?post=57506"}],"version-history":[{"count":0,"href":"https:\/\/www.cordobatimes.com\/showup\/wp-json\/wp\/v2\/posts\/57506\/revisions"}],"wp:featuredmedia":[{"embeddable":true,"href":"https:\/\/www.cordobatimes.com\/showup\/wp-json\/wp\/v2\/media\/57507"}],"wp:attachment":[{"href":"https:\/\/www.cordobatimes.com\/showup\/wp-json\/wp\/v2\/media?parent=57506"}],"wp:term":[{"taxonomy":"category","embeddable":true,"href":"https:\/\/www.cordobatimes.com\/showup\/wp-json\/wp\/v2\/categories?post=57506"},{"taxonomy":"post_tag","embeddable":true,"href":"https:\/\/www.cordobatimes.com\/showup\/wp-json\/wp\/v2\/tags?post=57506"}],"curies":[{"name":"wp","href":"https:\/\/api.w.org\/{rel}","templated":true}]}}