{"id":57472,"date":"2017-12-07T10:22:27","date_gmt":"2017-12-07T13:22:27","guid":{"rendered":"http:\/\/www.cordobatimes.com\/showup\/?p=57472"},"modified":"2020-06-14T09:36:40","modified_gmt":"2020-06-14T12:36:40","slug":"escucha-la-version-la-ciudad-la-furia-interpretada-pablo-alboran","status":"publish","type":"post","link":"https:\/\/www.cordobatimes.com\/showup\/musica\/2017\/12\/07\/escucha-la-version-la-ciudad-la-furia-interpretada-pablo-alboran\/","title":{"rendered":"Escuch\u00e1 la versi\u00f3n  de \u00abEn la ciudad de la furia\u00bb interpretada por Pablo Albor\u00e1n"},"content":{"rendered":"<h3><strong>El cantante, oriundo de M\u00e1laga, se anim\u00f3 a cantar a capela un fragmento de este hit de Soda Stereo<\/strong><\/h3>\n<p>Las canciones de\u00a0Soda Stereo\u00a0han sido versionadas por varios artistas a lo largo del tiempo y,\u00a0En la ciudad de la furia, es uno de esos hits que, particularmente, fue adoptado por muchos.<\/p>\n<p>Recientemente, en una entrevista que le realizaron a\u00a0Pablo Albor\u00e1n, el cantante espa\u00f1ol cont\u00f3 que estuvo escuchando mucha m\u00fasica de artistas argentinos que es un gran fan de Cerati. A prop\u00f3sito de ello, le pidieron que versiones alguna de sus canciones y mir\u00e1 cu\u00e1l fue el resultado.<\/p>\n<p><iframe loading=\"lazy\" src=\"https:\/\/www.youtube.com\/embed\/hR7dQS9Mrz4\" width=\"560\" height=\"315\" frameborder=\"0\" allowfullscreen=\"allowfullscreen\"><\/iframe><\/p>\n","protected":false},"excerpt":{"rendered":"<p>El cantante, oriundo de M\u00e1laga, se anim\u00f3 a cantar a capela un fragmento de este hit de Soda Stereo Las canciones de\u00a0Soda Stereo\u00a0han sido versionadas por varios artistas a lo largo del tiempo y,\u00a0En la ciudad de la furia, es uno de esos hits que, particularmente, fue adoptado por muchos. Recientemente, en una entrevista que [&hellip;]<\/p>\n","protected":false},"author":1,"featured_media":57473,"comment_status":"closed","ping_status":"closed","sticky":false,"template":"","format":"standard","meta":{"_seopress_robots_primary_cat":"","_seopress_titles_title":"","_seopress_titles_desc":"","_seopress_robots_index":"","footnotes":""},"categories":[5],"tags":[20240],"class_list":{"0":"post-57472","1":"post","2":"type-post","3":"status-publish","4":"format-standard","5":"has-post-thumbnail","7":"category-musica","8":"tag-en-la-ciudad-de-la-furia-interpretada-por-pablo-alboran"},"_links":{"self":[{"href":"https:\/\/www.cordobatimes.com\/showup\/wp-json\/wp\/v2\/posts\/57472","targetHints":{"allow":["GET"]}}],"collection":[{"href":"https:\/\/www.cordobatimes.com\/showup\/wp-json\/wp\/v2\/posts"}],"about":[{"href":"https:\/\/www.cordobatimes.com\/showup\/wp-json\/wp\/v2\/types\/post"}],"author":[{"embeddable":true,"href":"https:\/\/www.cordobatimes.com\/showup\/wp-json\/wp\/v2\/users\/1"}],"replies":[{"embeddable":true,"href":"https:\/\/www.cordobatimes.com\/showup\/wp-json\/wp\/v2\/comments?post=57472"}],"version-history":[{"count":0,"href":"https:\/\/www.cordobatimes.com\/showup\/wp-json\/wp\/v2\/posts\/57472\/revisions"}],"wp:featuredmedia":[{"embeddable":true,"href":"https:\/\/www.cordobatimes.com\/showup\/wp-json\/wp\/v2\/media\/57473"}],"wp:attachment":[{"href":"https:\/\/www.cordobatimes.com\/showup\/wp-json\/wp\/v2\/media?parent=57472"}],"wp:term":[{"taxonomy":"category","embeddable":true,"href":"https:\/\/www.cordobatimes.com\/showup\/wp-json\/wp\/v2\/categories?post=57472"},{"taxonomy":"post_tag","embeddable":true,"href":"https:\/\/www.cordobatimes.com\/showup\/wp-json\/wp\/v2\/tags?post=57472"}],"curies":[{"name":"wp","href":"https:\/\/api.w.org\/{rel}","templated":true}]}}