{"id":57464,"date":"2017-12-05T10:52:21","date_gmt":"2017-12-05T13:52:21","guid":{"rendered":"http:\/\/www.cordobatimes.com\/showup\/?p=57464"},"modified":"2020-06-14T09:39:11","modified_gmt":"2020-06-14T12:39:11","slug":"despidieron-bryan-singer-director-bohemian-rhapsody-la-pelicula-queen","status":"publish","type":"post","link":"https:\/\/www.cordobatimes.com\/showup\/cine-y-series\/2017\/12\/05\/despidieron-bryan-singer-director-bohemian-rhapsody-la-pelicula-queen\/","title":{"rendered":"Despidieron a Bryan Singer el director de \u00abBohemian Rhapsody\u00bb, la pel\u00edcula de Queen"},"content":{"rendered":"<h3><strong>Se esperaba su estreno para diciembre de 2018.<\/strong><\/h3>\n<p>Otro dolor de cabeza para la producci\u00f3n de la pel\u00edcula sobre la historia de\u00a0Queen. Luego de varios cambios de actores y demoras en el inicio de su rodaje, se confirm\u00f3 el alejamiento de su director,\u00a0Bryan Singer. \u00abBohemian Rhapsody\u00bb, que cuenta la historia de la popular banda, ya tiene varias escenas filmadas y se esperaba\u00a0su estreno en diciembre de 2018.<\/p>\n<p>\u201cBryan Singer ya no es el director de Bohemian Rhapsody\u201c, inform\u00f3 en un comunicado\u00a020th Century Fox.\u00a0La decisi\u00f3n se tom\u00f3 debido a las repetidas ausencias del director. El rodaje se llevaba a cabo en Londres con<a title=\" Rami Malek\" href=\"https:\/\/tn.com.ar\/personajes\/rami-malek\">\u00a0<\/a>Rami Malek( Mr. Robot) en el papel de\u00a0Freddie Mercury.<\/p>\n<p>Fox hab\u00eda anunciado el 1 de diciembre que el rodaje se hab\u00eda suspendido temporalmente debido \u201ca la indisposici\u00f3n inesperada\u201d de Singer. Un representante del cineasta sostuvo que su ausencia se deb\u00eda a un \u201casunto personal de salud\u201d.<\/p>\n<p>Al rodaje le quedan dos semanas. Por ahora no se anunci\u00f3 qui\u00e9n reemplazar\u00e1 a Singer.<\/p>\n","protected":false},"excerpt":{"rendered":"<p>Se esperaba su estreno para diciembre de 2018. Otro dolor de cabeza para la producci\u00f3n de la pel\u00edcula sobre la historia de\u00a0Queen. Luego de varios cambios de actores y demoras en el inicio de su rodaje, se confirm\u00f3 el alejamiento de su director,\u00a0Bryan Singer. \u00abBohemian Rhapsody\u00bb, que cuenta la historia de la popular banda, ya [&hellip;]<\/p>\n","protected":false},"author":1,"featured_media":57465,"comment_status":"closed","ping_status":"closed","sticky":false,"template":"","format":"standard","meta":{"_seopress_robots_primary_cat":"","_seopress_titles_title":"","_seopress_titles_desc":"","_seopress_robots_index":"","footnotes":""},"categories":[3],"tags":[20233,20234],"class_list":{"0":"post-57464","1":"post","2":"type-post","3":"status-publish","4":"format-standard","5":"has-post-thumbnail","7":"category-cine-y-series","8":"tag-bryan-singer-el-director-de-bohemian-rhapsody","9":"tag-la-pelicula-de-queen"},"_links":{"self":[{"href":"https:\/\/www.cordobatimes.com\/showup\/wp-json\/wp\/v2\/posts\/57464","targetHints":{"allow":["GET"]}}],"collection":[{"href":"https:\/\/www.cordobatimes.com\/showup\/wp-json\/wp\/v2\/posts"}],"about":[{"href":"https:\/\/www.cordobatimes.com\/showup\/wp-json\/wp\/v2\/types\/post"}],"author":[{"embeddable":true,"href":"https:\/\/www.cordobatimes.com\/showup\/wp-json\/wp\/v2\/users\/1"}],"replies":[{"embeddable":true,"href":"https:\/\/www.cordobatimes.com\/showup\/wp-json\/wp\/v2\/comments?post=57464"}],"version-history":[{"count":0,"href":"https:\/\/www.cordobatimes.com\/showup\/wp-json\/wp\/v2\/posts\/57464\/revisions"}],"wp:featuredmedia":[{"embeddable":true,"href":"https:\/\/www.cordobatimes.com\/showup\/wp-json\/wp\/v2\/media\/57465"}],"wp:attachment":[{"href":"https:\/\/www.cordobatimes.com\/showup\/wp-json\/wp\/v2\/media?parent=57464"}],"wp:term":[{"taxonomy":"category","embeddable":true,"href":"https:\/\/www.cordobatimes.com\/showup\/wp-json\/wp\/v2\/categories?post=57464"},{"taxonomy":"post_tag","embeddable":true,"href":"https:\/\/www.cordobatimes.com\/showup\/wp-json\/wp\/v2\/tags?post=57464"}],"curies":[{"name":"wp","href":"https:\/\/api.w.org\/{rel}","templated":true}]}}