{"id":57272,"date":"2017-11-22T13:22:08","date_gmt":"2017-11-22T16:22:08","guid":{"rendered":"http:\/\/www.cordobatimes.com\/showup\/?p=57272"},"modified":"2020-06-07T19:17:04","modified_gmt":"2020-06-07T22:17:04","slug":"22-noviembre-se-celebra-dia-la-musica","status":"publish","type":"post","link":"https:\/\/www.cordobatimes.com\/showup\/musica\/2017\/11\/22\/22-noviembre-se-celebra-dia-la-musica\/","title":{"rendered":"\u00bfPor qu\u00e9  cada 22 de noviembre se celebra el D\u00eda de la M\u00fasica?"},"content":{"rendered":"<h3><strong>La historia de la santa patrona de todos los m\u00fasicos es cruel y sangrienta, aunque la conmemoraci\u00f3n nos recuerde a esas canciones que marcaron nuestras vidas.\u00a0<\/strong><\/h3>\n<div class=\"body\">\n<p>Cada 22 de noviembre se festeja el D\u00eda de la M\u00fasica, en honor a Santa Cecilia, patrona de todos los m\u00fasicos. La historia detr\u00e1s de esta efem\u00e9ride es cruel y sangrienta, por m\u00e1s de que con el paso del tiempo la conmemoraci\u00f3n del d\u00eda nos recuerde lo importante que es la m\u00fasica en nuestras vidas. El portal del Ministerio de Cultura de la Naci\u00f3n detall\u00f3 la historia de la siguiente manera.<\/p>\n<p>\u201cA fines del siglo segundo despu\u00e9s de Cristo, cuando la religi\u00f3n cat\u00f3lica a\u00fan no era aceptada en el Imperio Romano, una joven devota llamada Cecilia fue obligada por sus padres a casarse con otro joven de la misma sociedad patricia: Valeriano. Al poco tiempo, luego de ser respectivamente instruido y bautizado por el Papa Urbano, el flamante esposo adopt\u00f3 la religi\u00f3n de su mujer. Una vez converso, junto a su hermano Tiburcio, se encomendaron a la labor prohibida de sepultar cad\u00e1veres cristianos. El hecho trajo consecuencias: los hermanos fueron arrestados y obligados a enunciar que solo adoraban a J\u00fapiter. Esto nunca sucedi\u00f3, y ante la negativa fueron torturados y condenados a muerte.<\/p>\n<p>Luego le lleg\u00f3 el turno a Cecilia: fue arrestada y obligada a renunciar a la religi\u00f3n de Cristo. Sin embargo, al declarar que prefer\u00eda la muerte antes que renegar de la verdadera Fe, la joven fue trasladada hasta a un horno caliente para que la sofocaci\u00f3n y los gases terminaran de ablandarla. Pero esto tampoco sucedi\u00f3. A pesar del martirio, Cecilia cant\u00f3 alabanzas a Dios y fue condenada a muerte. El 22 de noviembre del a\u00f1o 230, el alcalde romano Almaquio orden\u00f3 que le cortaran la cabeza. Y as\u00ed fue.<\/p>\n<p>Pero los tiempos cambiaron. Como es sabido, la religi\u00f3n cat\u00f3lica comenz\u00f3 a ser tolerada tras el Edicto de Mil\u00e1n, firmado por Constantino I el Grande en 313, y luego declarado culto oficial en el 380, por pedido de Teodosio I y a trav\u00e9s del Edicto de Tesal\u00f3nica.<\/p>\n<p>Finalmente, en 1594, el Papa Gregorio XIII nombr\u00f3 a Cecilia como patrona de todos los m\u00fasicos y los homenajes no tardaron en aparecer. Desde entonces, y de distintas maneras, todos los 22 de noviembre se celebra el d\u00eda de la m\u00fasica\u201d.<\/p>\n<\/div>\n<div class=\"ng-isolate-scope\"><\/div>\n","protected":false},"excerpt":{"rendered":"<p>La historia de la santa patrona de todos los m\u00fasicos es cruel y sangrienta, aunque la conmemoraci\u00f3n nos recuerde a esas canciones que marcaron nuestras vidas.\u00a0 Cada 22 de noviembre se festeja el D\u00eda de la M\u00fasica, en honor a Santa Cecilia, patrona de todos los m\u00fasicos. La historia detr\u00e1s de esta efem\u00e9ride es cruel [&hellip;]<\/p>\n","protected":false},"author":1,"featured_media":57273,"comment_status":"closed","ping_status":"closed","sticky":false,"template":"","format":"standard","meta":{"_seopress_robots_primary_cat":"","_seopress_titles_title":"","_seopress_titles_desc":"","_seopress_robots_index":"","footnotes":""},"categories":[5],"tags":[20072,20073],"class_list":{"0":"post-57272","1":"post","2":"type-post","3":"status-publish","4":"format-standard","5":"has-post-thumbnail","7":"category-musica","8":"tag-dia-de-la-musica","9":"tag-dia-de-la-musica-en-honor-a-santa-cecilia"},"_links":{"self":[{"href":"https:\/\/www.cordobatimes.com\/showup\/wp-json\/wp\/v2\/posts\/57272","targetHints":{"allow":["GET"]}}],"collection":[{"href":"https:\/\/www.cordobatimes.com\/showup\/wp-json\/wp\/v2\/posts"}],"about":[{"href":"https:\/\/www.cordobatimes.com\/showup\/wp-json\/wp\/v2\/types\/post"}],"author":[{"embeddable":true,"href":"https:\/\/www.cordobatimes.com\/showup\/wp-json\/wp\/v2\/users\/1"}],"replies":[{"embeddable":true,"href":"https:\/\/www.cordobatimes.com\/showup\/wp-json\/wp\/v2\/comments?post=57272"}],"version-history":[{"count":0,"href":"https:\/\/www.cordobatimes.com\/showup\/wp-json\/wp\/v2\/posts\/57272\/revisions"}],"wp:featuredmedia":[{"embeddable":true,"href":"https:\/\/www.cordobatimes.com\/showup\/wp-json\/wp\/v2\/media\/57273"}],"wp:attachment":[{"href":"https:\/\/www.cordobatimes.com\/showup\/wp-json\/wp\/v2\/media?parent=57272"}],"wp:term":[{"taxonomy":"category","embeddable":true,"href":"https:\/\/www.cordobatimes.com\/showup\/wp-json\/wp\/v2\/categories?post=57272"},{"taxonomy":"post_tag","embeddable":true,"href":"https:\/\/www.cordobatimes.com\/showup\/wp-json\/wp\/v2\/tags?post=57272"}],"curies":[{"name":"wp","href":"https:\/\/api.w.org\/{rel}","templated":true}]}}