{"id":57232,"date":"2017-11-17T10:13:58","date_gmt":"2017-11-17T13:13:58","guid":{"rendered":"http:\/\/www.cordobatimes.com\/showup\/?p=57232"},"modified":"2020-06-07T19:24:05","modified_gmt":"2020-06-07T22:24:05","slug":"invitada-lujo-lali-esposito-canto-junto-rochi-igarzabal-primer-show-solista","status":"publish","type":"post","link":"https:\/\/www.cordobatimes.com\/showup\/musica\/2017\/11\/17\/invitada-lujo-lali-esposito-canto-junto-rochi-igarzabal-primer-show-solista\/","title":{"rendered":"Invitada de lujo: Lali Esp\u00f3sito cant\u00f3 junto a Rochi Igarzabal en su primer show como solista"},"content":{"rendered":"<h3><strong>En la noche de este jueves\u00a0Rochi Igarz\u00e1bal\u00a0present\u00f3 en La Trastienda su primer CD, \u201cEntre los \u00e1rboles\u201d.<\/strong><\/h3>\n<p>A sala llena y con muchos amigos,\u00a0 estuvieron sobre el escenario\u00a0Lali Esp\u00f3sito, Mery Granados y Cande Molfese.<br \/>\nEl reencuentro de las TeenAngels enloqueci\u00f3 a los fans que adoraron la colaboraci\u00f3n de las artistas nacidas de la mano de\u00a0Cris Morena.<\/p>\n<blockquote class=\"twitter-tweet\" data-lang=\"es\">\n<p dir=\"ltr\" lang=\"es\">[ahora] <a href=\"https:\/\/twitter.com\/laliespos?ref_src=twsrc%5Etfw\">@laliespos<\/a> en el show de <a href=\"https:\/\/twitter.com\/rochi_ig?ref_src=twsrc%5Etfw\">@rochi_ig<\/a> en <a href=\"https:\/\/twitter.com\/LaTrastiendaBA?ref_src=twsrc%5Etfw\">@LaTrastiendaBA<\/a> ????? <a href=\"https:\/\/t.co\/nmlbIJuwq2\">pic.twitter.com\/nmlbIJuwq2<\/a><\/p>\n<p>\u2014 Morena Lopez Blanco (@MoreLopezBlanco) <a href=\"https:\/\/twitter.com\/MoreLopezBlanco\/status\/931333345841176577?ref_src=twsrc%5Etfw\">17 de noviembre de 2017<\/a><\/p><\/blockquote>\n<p><script async src=\"https:\/\/platform.twitter.com\/widgets.js\" charset=\"utf-8\"><\/script><\/p>\n<blockquote class=\"twitter-video\" data-lang=\"es\">\n<p dir=\"ltr\" lang=\"es\">El abrazo de <a href=\"https:\/\/twitter.com\/laliespos?ref_src=twsrc%5Etfw\">@laliespos<\/a> y <a href=\"https:\/\/twitter.com\/rochi_ig?ref_src=twsrc%5Etfw\">@rochi_ig<\/a> <a href=\"https:\/\/t.co\/HZDG2vWdXv\">pic.twitter.com\/HZDG2vWdXv<\/a><\/p>\n<p>\u2014 PampitoPerell\u00f3Aciar (@sebaperello) <a href=\"https:\/\/twitter.com\/sebaperello\/status\/931332552136241153?ref_src=twsrc%5Etfw\">17 de noviembre de 2017<\/a><\/p><\/blockquote>\n<p><script async src=\"https:\/\/platform.twitter.com\/widgets.js\" charset=\"utf-8\"><\/script><\/p>\n<blockquote class=\"twitter-video\" data-lang=\"es\">\n<p dir=\"ltr\" lang=\"es\">Canta <a href=\"https:\/\/twitter.com\/kndmolfese?ref_src=twsrc%5Etfw\">@kndmolfese<\/a> con <a href=\"https:\/\/twitter.com\/rochi_ig?ref_src=twsrc%5Etfw\">@rochi_ig<\/a> <a href=\"https:\/\/twitter.com\/LaTrastiendaBA?ref_src=twsrc%5Etfw\">@LaTrastiendaBA<\/a> ??? <a href=\"https:\/\/t.co\/Dsk6jZAbhp\">pic.twitter.com\/Dsk6jZAbhp<\/a><\/p>\n<p>\u2014 Capocha ? (@capochatv) <a href=\"https:\/\/twitter.com\/capochatv\/status\/931327961793548288?ref_src=twsrc%5Etfw\">17 de noviembre de 2017<\/a><\/p><\/blockquote>\n<p><script async src=\"https:\/\/platform.twitter.com\/widgets.js\" charset=\"utf-8\"><\/script><\/p>\n<blockquote class=\"twitter-video\" data-lang=\"es\">\n<p dir=\"ltr\" lang=\"es\">Ahora <a href=\"https:\/\/twitter.com\/rochi_ig?ref_src=twsrc%5Etfw\">@rochi_ig<\/a> en <a href=\"https:\/\/twitter.com\/LaTrastiendaBA?ref_src=twsrc%5Etfw\">@LaTrastiendaBA<\/a> ?????? <a href=\"https:\/\/twitter.com\/WePrensa?ref_src=twsrc%5Etfw\">@WePrensa<\/a> <a href=\"https:\/\/t.co\/sWmBZ4uSC3\">pic.twitter.com\/sWmBZ4uSC3<\/a><\/p>\n<p>\u2014 PampitoPerell\u00f3Aciar (@sebaperello) <a href=\"https:\/\/twitter.com\/sebaperello\/status\/931322422208294917?ref_src=twsrc%5Etfw\">17 de noviembre de 2017<\/a><\/p><\/blockquote>\n<p><script async src=\"https:\/\/platform.twitter.com\/widgets.js\" charset=\"utf-8\"><\/script><\/p>\n<p>Rochi tambi\u00e9n cant\u00f3 uno de los temas emblem\u00e1ticos de su paso por \u201cCasi Angeles\u201d y fue ovacionada por el p\u00fablico:<\/p>\n<blockquote class=\"twitter-video\" data-lang=\"es\">\n<p dir=\"ltr\" lang=\"es\"><a href=\"https:\/\/twitter.com\/rochi_ig?ref_src=twsrc%5Etfw\">@rochi_ig<\/a> recuerda <a href=\"https:\/\/twitter.com\/hashtag\/CasiAngeles?src=hash&amp;ref_src=twsrc%5Etfw\">#CasiAngeles<\/a> en su show <a href=\"https:\/\/twitter.com\/WePrensa?ref_src=twsrc%5Etfw\">@WePrensa<\/a> <a href=\"https:\/\/t.co\/HFkSLoc7sl\">pic.twitter.com\/HFkSLoc7sl<\/a><\/p>\n<p>\u2014 PampitoPerell\u00f3Aciar (@sebaperello) <a href=\"https:\/\/twitter.com\/sebaperello\/status\/931331472836796416?ref_src=twsrc%5Etfw\">17 de noviembre de 2017<\/a><\/p><\/blockquote>\n<p><script async src=\"https:\/\/platform.twitter.com\/widgets.js\" charset=\"utf-8\"><\/script><\/p>\n","protected":false},"excerpt":{"rendered":"<p>En la noche de este jueves\u00a0Rochi Igarz\u00e1bal\u00a0present\u00f3 en La Trastienda su primer CD, \u201cEntre los \u00e1rboles\u201d. A sala llena y con muchos amigos,\u00a0 estuvieron sobre el escenario\u00a0Lali Esp\u00f3sito, Mery Granados y Cande Molfese. El reencuentro de las TeenAngels enloqueci\u00f3 a los fans que adoraron la colaboraci\u00f3n de las artistas nacidas de la mano de\u00a0Cris Morena. [&hellip;]<\/p>\n","protected":false},"author":1,"featured_media":57233,"comment_status":"closed","ping_status":"closed","sticky":false,"template":"","format":"standard","meta":{"_seopress_robots_primary_cat":"","_seopress_titles_title":"","_seopress_titles_desc":"","_seopress_robots_index":"","footnotes":""},"categories":[5],"tags":[31829,20059],"class_list":{"0":"post-57232","1":"post","2":"type-post","3":"status-publish","4":"format-standard","5":"has-post-thumbnail","7":"category-musica","8":"tag-lali-esposito-canto-junto-a-rochi-igarzabal","9":"tag-rochi-igarzabal-en-su-primer-show-como-solista"},"_links":{"self":[{"href":"https:\/\/www.cordobatimes.com\/showup\/wp-json\/wp\/v2\/posts\/57232","targetHints":{"allow":["GET"]}}],"collection":[{"href":"https:\/\/www.cordobatimes.com\/showup\/wp-json\/wp\/v2\/posts"}],"about":[{"href":"https:\/\/www.cordobatimes.com\/showup\/wp-json\/wp\/v2\/types\/post"}],"author":[{"embeddable":true,"href":"https:\/\/www.cordobatimes.com\/showup\/wp-json\/wp\/v2\/users\/1"}],"replies":[{"embeddable":true,"href":"https:\/\/www.cordobatimes.com\/showup\/wp-json\/wp\/v2\/comments?post=57232"}],"version-history":[{"count":0,"href":"https:\/\/www.cordobatimes.com\/showup\/wp-json\/wp\/v2\/posts\/57232\/revisions"}],"wp:featuredmedia":[{"embeddable":true,"href":"https:\/\/www.cordobatimes.com\/showup\/wp-json\/wp\/v2\/media\/57233"}],"wp:attachment":[{"href":"https:\/\/www.cordobatimes.com\/showup\/wp-json\/wp\/v2\/media?parent=57232"}],"wp:term":[{"taxonomy":"category","embeddable":true,"href":"https:\/\/www.cordobatimes.com\/showup\/wp-json\/wp\/v2\/categories?post=57232"},{"taxonomy":"post_tag","embeddable":true,"href":"https:\/\/www.cordobatimes.com\/showup\/wp-json\/wp\/v2\/tags?post=57232"}],"curies":[{"name":"wp","href":"https:\/\/api.w.org\/{rel}","templated":true}]}}