{"id":57109,"date":"2017-11-10T21:35:52","date_gmt":"2017-11-11T00:35:52","guid":{"rendered":"http:\/\/www.cordobatimes.com\/showup\/?p=57109"},"modified":"2020-06-10T20:03:34","modified_gmt":"2020-06-10T23:03:34","slug":"ricardo-arjona-llega-al-orfeo","status":"publish","type":"post","link":"https:\/\/www.cordobatimes.com\/showup\/musica\/2017\/11\/10\/ricardo-arjona-llega-al-orfeo\/","title":{"rendered":"Ricardo Arjona llega al Orfeo"},"content":{"rendered":"<h3><strong>El guatemalteco se presentar\u00e1 este s\u00e1bado y domingo en el Orfeo Superdomo para mostrar su disco\u00a0Circo Soledad.<\/strong><\/h3>\n<p>Ricardo Arjona despierta pasiones entre sus fans que esperan siempre con ansias el regreso del guatemalteco a C\u00f3rdoba.<\/p>\n<p>Ahora, a pocas horas de que el cantante se presente en el Orfeo Superdomo, Jos\u00e9 Palazzo comparti\u00f3 algunas im\u00e1genes del escenario.<\/p>\n<p>Arjona viene a presentar su \u00faltimo disco\u00a0Circo Soledad\u00a0y dar\u00e1 dos shows en C\u00f3rdoba: uno el s\u00e1bado desde las 21.30 y otro el domingo a la misma hora.<\/p>\n<blockquote class=\"twitter-tweet\" data-lang=\"es\">\n<p dir=\"ltr\" lang=\"es\">Tremendo montaje de Arjona en <a href=\"https:\/\/twitter.com\/OrfeoSuperdomo?ref_src=twsrc%5Etfw\">@OrfeoSuperdomo<\/a> <a href=\"https:\/\/t.co\/gI0jGjnvJ5\">pic.twitter.com\/gI0jGjnvJ5<\/a><\/p>\n<p>\u2014 jose palazzo (@josedpalazzo) <a href=\"https:\/\/twitter.com\/josedpalazzo\/status\/929078058988003328?ref_src=twsrc%5Etfw\">10 de noviembre de 2017<\/a><\/p><\/blockquote>\n<p><script async src=\"https:\/\/platform.twitter.com\/widgets.js\" charset=\"utf-8\"><\/script><\/p>\n","protected":false},"excerpt":{"rendered":"<p>El guatemalteco se presentar\u00e1 este s\u00e1bado y domingo en el Orfeo Superdomo para mostrar su disco\u00a0Circo Soledad. Ricardo Arjona despierta pasiones entre sus fans que esperan siempre con ansias el regreso del guatemalteco a C\u00f3rdoba. Ahora, a pocas horas de que el cantante se presente en el Orfeo Superdomo, Jos\u00e9 Palazzo comparti\u00f3 algunas im\u00e1genes del [&hellip;]<\/p>\n","protected":false},"author":1,"featured_media":57110,"comment_status":"closed","ping_status":"closed","sticky":false,"template":"","format":"standard","meta":{"_seopress_robots_primary_cat":"","_seopress_titles_title":"","_seopress_titles_desc":"","_seopress_robots_index":"","footnotes":""},"categories":[5],"tags":[6477,19998],"class_list":{"0":"post-57109","1":"post","2":"type-post","3":"status-publish","4":"format-standard","5":"has-post-thumbnail","7":"category-musica","8":"tag-ricardo-arjona-en-cordoba","9":"tag-ricardo-arjona-llega-al-orfeo"},"_links":{"self":[{"href":"https:\/\/www.cordobatimes.com\/showup\/wp-json\/wp\/v2\/posts\/57109","targetHints":{"allow":["GET"]}}],"collection":[{"href":"https:\/\/www.cordobatimes.com\/showup\/wp-json\/wp\/v2\/posts"}],"about":[{"href":"https:\/\/www.cordobatimes.com\/showup\/wp-json\/wp\/v2\/types\/post"}],"author":[{"embeddable":true,"href":"https:\/\/www.cordobatimes.com\/showup\/wp-json\/wp\/v2\/users\/1"}],"replies":[{"embeddable":true,"href":"https:\/\/www.cordobatimes.com\/showup\/wp-json\/wp\/v2\/comments?post=57109"}],"version-history":[{"count":0,"href":"https:\/\/www.cordobatimes.com\/showup\/wp-json\/wp\/v2\/posts\/57109\/revisions"}],"wp:featuredmedia":[{"embeddable":true,"href":"https:\/\/www.cordobatimes.com\/showup\/wp-json\/wp\/v2\/media\/57110"}],"wp:attachment":[{"href":"https:\/\/www.cordobatimes.com\/showup\/wp-json\/wp\/v2\/media?parent=57109"}],"wp:term":[{"taxonomy":"category","embeddable":true,"href":"https:\/\/www.cordobatimes.com\/showup\/wp-json\/wp\/v2\/categories?post=57109"},{"taxonomy":"post_tag","embeddable":true,"href":"https:\/\/www.cordobatimes.com\/showup\/wp-json\/wp\/v2\/tags?post=57109"}],"curies":[{"name":"wp","href":"https:\/\/api.w.org\/{rel}","templated":true}]}}