{"id":5709,"date":"2013-12-17T17:44:00","date_gmt":"2013-12-17T20:44:00","guid":{"rendered":"http:\/\/cordobatimes.com\/showup\/?p=5709"},"modified":"2020-01-13T09:31:36","modified_gmt":"2020-01-13T12:31:36","slug":"nirvana-y-kiss-tendran-su-lugar-en-el-salon-de-la-fama-del-rockroll-videos","status":"publish","type":"post","link":"https:\/\/www.cordobatimes.com\/showup\/musica\/2013\/12\/17\/nirvana-y-kiss-tendran-su-lugar-en-el-salon-de-la-fama-del-rockroll-videos\/","title":{"rendered":"Nirvana y Kiss tendr\u00e1n su lugar en el sal\u00f3n de la fama del Rock&#038;Roll (v\u00eddeos)"},"content":{"rendered":"<h3 style=\"text-align: justify;\"><strong>Desde la Fundaci\u00f3n de El Sal\u00f3n de la Fama del Rock and Roll,se anunci\u00f3 que se incorporar\u00e1n nuevos m\u00fasicos,entre quienes se encuentran Kiss y Nirvana. La celebraci\u00f3n se realizar\u00e1 en abril del pr\u00f3ximo a\u00f1o.<\/strong><\/h3>\n<p style=\"text-align: justify;\">La instituci\u00f3n de\u00a0Cleveland,anunci\u00f3 \u00a0a trav\u00e9s de un comunicados,que se har\u00e1n nuevas incorporaciones al Sal\u00f3n y Museo de la Fama del Rock and Roll<\/p>\n<p style=\"text-align: justify;\">El requisito indispensable para ser considerado,es que hayan pasado 25 a\u00f1os del primer disco editado\u00a0y \u00ab<em>haber demostrado una excelencia musical inconfundible<\/em>\u00ab.Y en el primer intento lo logr\u00f3 la banda Nirvana<\/p>\n<p style=\"text-align: justify;\">La banda liderada por el fallecido Kurt Cobain,que marc\u00f3 una generaci\u00f3n durante los &#8217;80 y &#8217;90.El simple <em>Buzz<\/em>\u00a0es el primer registro discogr\u00e1fico de 1988 que los habilita\u00a0\u00a0aunque su primer \u00e1lbum de estudio fu\u00e9\u00a0\u00a0<em>Bleach\u00a0<\/em>que\u00a0sali\u00f3 al mercado el 15 de junio de 1989,superando los 5 millones en ventas.<\/p>\n<p style=\"text-align: justify;\">Por otro lado con\u00a0\u00a0<strong>Kiss<\/strong> sucede todo lo contrario.Desde hace 15 a\u00f1os que cumplen con la condici\u00f3n y a pesar de \u00ab<em>las miles de cartas que los fan\u00e1ticos han enviado,la decisi\u00f3n la tiene el Presidente de la organizaci\u00f3n Joel Peresman<\/em>\u00ab.Aunque en realidad parece il\u00f3gico el tiempo demorado en tomar esta decisi\u00f3n.<\/p>\n<p id=\"m158-2-159\" style=\"text-align: justify;\">La lista de galardonados tambi\u00e9n se complementa con los cantantes y compositores<strong> Peter Gabriel<\/strong> y<strong> Cat Stevens<\/strong>,la artista pop-folk <strong>Linda Ronstadt<\/strong>,y el d\u00fao de rock soul<strong> Hall and Oates<\/strong>.<\/p>\n<p style=\"text-align: justify;\">La ceremonia que se realizar\u00e1 el 10 de abril de 2014 en Nueva York,tambi\u00e9n contar\u00e1 con las distinciones a las trayectorias del ex m\u00e1nager de los Rolling Stones,Andrew Loog Oldham y p\u00f3stumamente,el ex m\u00e1nager de The Beatles,Brian Epstein.<\/p>\n<p style=\"text-align: justify;\">Adem\u00e1s, ser\u00e1n distinguidas las trayectorias del ex manager de los<b>\u00a0<\/b>Rolling Stones<strong>,Andrew Loog Oldham<\/strong>,quien les di\u00f3 el salto a la fama a\u00bbl<em>os chicos malos<\/em>\u00ab.<\/p>\n<p style=\"text-align: justify;\">P\u00f3stumamente,tambi\u00e9n ser\u00e1 homenajeado a quien fu\u00e9 el m\u00e1nager de The Beatles,<strong>Brian Epstein<\/strong>,quien acompa\u00f1\u00f3 al cuarteto ingl\u00e9s a partir de 1961 hasta su muerte en 1967.<\/p>\n<p style=\"text-align: justify;\">El premio a la excelencia musical se lo llevar\u00e1 la E Street Band de Bruce Springsteen.Desde la organizaci\u00f3n del Museo justificaron que la legendaria banda que Springsteen form\u00f3 en 1973 <em>\u00abayud\u00f3 a establecer su reputaci\u00f3n como uno de los grandes m\u00fasicos de la historia del rock and roll<\/em>\u00ab. El propio m\u00fasico ya hab\u00eda ingresado al Sal\u00f3n en 1999.<\/p>\n<p style=\"text-align: justify;\">Otro grupo designado para ingresar al museo es The E Street Band, que Bruce Springstreen form\u00f3 en 1973. Ayud\u00f3 a \u00ab<em>establecer la legendaria reputaci\u00f3n de Springsteen como uno de los grandes int\u00e9rpretes de la historia del rock and roll\u00bb<\/em>.<\/p>\n<p><iframe loading=\"lazy\" src=\"\/\/www.youtube.com\/embed\/ZLthJDXbq6Y\" width=\"420\" height=\"315\" frameborder=\"0\" allowfullscreen=\"allowfullscreen\"><\/iframe><\/p>\n<p><iframe loading=\"lazy\" src=\"\/\/www.youtube.com\/embed\/EZjevnnkA20\" width=\"420\" height=\"315\" frameborder=\"0\" allowfullscreen=\"allowfullscreen\"><\/iframe><\/p>\n<p><iframe loading=\"lazy\" src=\"\/\/www.youtube.com\/embed\/uoEUwljiHv4\" width=\"420\" height=\"315\" frameborder=\"0\" allowfullscreen=\"allowfullscreen\"><\/iframe><\/p>\n","protected":false},"excerpt":{"rendered":"<p>Desde la Fundaci\u00f3n de El Sal\u00f3n de la Fama del Rock and Roll,se anunci\u00f3 que se incorporar\u00e1n nuevos m\u00fasicos,entre quienes se encuentran Kiss y Nirvana. La celebraci\u00f3n se realizar\u00e1 en abril del pr\u00f3ximo a\u00f1o. La instituci\u00f3n de\u00a0Cleveland,anunci\u00f3 \u00a0a trav\u00e9s de un comunicados,que se har\u00e1n nuevas incorporaciones al Sal\u00f3n y Museo de la Fama del Rock [&hellip;]<\/p>\n","protected":false},"author":1,"featured_media":5711,"comment_status":"closed","ping_status":"closed","sticky":false,"template":"","format":"standard","meta":{"_seopress_robots_primary_cat":"","_seopress_titles_title":"","_seopress_titles_desc":"","_seopress_robots_index":"","footnotes":""},"categories":[5],"tags":[24966,24968,24967],"class_list":{"0":"post-5709","1":"post","2":"type-post","3":"status-publish","4":"format-standard","5":"has-post-thumbnail","7":"category-musica","8":"tag-nirvana-y-kiss","9":"tag-nirvana-y-kiss-salon-de-la-fama-del-rock-and-roll","10":"tag-salon-de-la-fama-del-rockroll"},"_links":{"self":[{"href":"https:\/\/www.cordobatimes.com\/showup\/wp-json\/wp\/v2\/posts\/5709","targetHints":{"allow":["GET"]}}],"collection":[{"href":"https:\/\/www.cordobatimes.com\/showup\/wp-json\/wp\/v2\/posts"}],"about":[{"href":"https:\/\/www.cordobatimes.com\/showup\/wp-json\/wp\/v2\/types\/post"}],"author":[{"embeddable":true,"href":"https:\/\/www.cordobatimes.com\/showup\/wp-json\/wp\/v2\/users\/1"}],"replies":[{"embeddable":true,"href":"https:\/\/www.cordobatimes.com\/showup\/wp-json\/wp\/v2\/comments?post=5709"}],"version-history":[{"count":0,"href":"https:\/\/www.cordobatimes.com\/showup\/wp-json\/wp\/v2\/posts\/5709\/revisions"}],"wp:featuredmedia":[{"embeddable":true,"href":"https:\/\/www.cordobatimes.com\/showup\/wp-json\/wp\/v2\/media\/5711"}],"wp:attachment":[{"href":"https:\/\/www.cordobatimes.com\/showup\/wp-json\/wp\/v2\/media?parent=5709"}],"wp:term":[{"taxonomy":"category","embeddable":true,"href":"https:\/\/www.cordobatimes.com\/showup\/wp-json\/wp\/v2\/categories?post=5709"},{"taxonomy":"post_tag","embeddable":true,"href":"https:\/\/www.cordobatimes.com\/showup\/wp-json\/wp\/v2\/tags?post=5709"}],"curies":[{"name":"wp","href":"https:\/\/api.w.org\/{rel}","templated":true}]}}