{"id":57020,"date":"2017-11-08T10:34:28","date_gmt":"2017-11-08T13:34:28","guid":{"rendered":"http:\/\/www.cordobatimes.com\/showup\/?p=57020"},"modified":"2022-10-31T22:15:07","modified_gmt":"2022-11-01T01:15:07","slug":"super-merecido-flor-vigna-fin-sera-figura-bailando-bailara-gonzalo-gerber","status":"publish","type":"post","link":"https:\/\/www.cordobatimes.com\/showup\/tv\/2017\/11\/08\/super-merecido-flor-vigna-fin-sera-figura-bailando-bailara-gonzalo-gerber\/","title":{"rendered":"\u00a1Super merecido! Flor Vigna por fin  ser\u00e1 figura en el Bailando y bailar\u00e1 con Gonzalo Gerber"},"content":{"rendered":"<h3><strong>El conductor anunci\u00f3 que el bailar\u00edn\u00a0\u00a0Gonzalo Gerber\u00a0ser\u00e1 qui\u00e9n ocupe el lugar que dej\u00f3 vacante el cantante de\u00a0M\u00e1rama.<\/strong><\/h3>\n<p>Despu\u00e9s de la\u00a0sorpresiva renuncia de\u00a0Agust\u00edn Casanova, y de las dudas que despert\u00f3 su salida sobre el futuro de\u00a0Flor Vigna,\u00a0Marcelo Tinelli\u00a0anunci\u00f3 en el comienzo del programa que la\u00a0 campeona de el Bailando 2016\u00a0continuar\u00e1 en el certamen de baile acompa\u00f1ada de un bailar\u00edn.<\/p>\n<p>\u201cHoy hemos decidido con la producci\u00f3n que\u00a0Flor Vigna\u00a0siga bailando. Va a seguir con un bailar\u00edn que va a debutar en el certamen\u201d, cont\u00f3 el animador. \u201cSe llama\u00a0Gonzalo Gerber, tiene 32 a\u00f1os, vive en San Miguel y est\u00e1 curiosamente reci\u00e9n separado de su novia\u201d, relat\u00f3, picante sobre el muchacho que el viernes tendr\u00e1 que debutar en elBailando 2017\u00a0justo en un duelo, ya que Flor y Agust\u00edn quedaron en la cuerda floja en la ronda de tango.<\/p>\n<p>Gonzalo es bailar\u00edn de\u00a0Lali Esp\u00f3sito, trabaj\u00f3 en teatro, cine y publicidad, estudi\u00f3 con\u00a0Pepe Cibri\u00e1n\u00a0y aunque Tinelli anunci\u00f3 que debutar\u00e1 en el certamen, el muchacho ya pas\u00f3 por el ciclo. En 2014 fue el compa\u00f1ero en la pista de\u00a0Vitto Saravia, que ese a\u00f1o fue la primera eliminada del Bailando.<\/p>\n","protected":false},"excerpt":{"rendered":"<p>El conductor anunci\u00f3 que el bailar\u00edn\u00a0\u00a0Gonzalo Gerber\u00a0ser\u00e1 qui\u00e9n ocupe el lugar que dej\u00f3 vacante el cantante de\u00a0M\u00e1rama. Despu\u00e9s de la\u00a0sorpresiva renuncia de\u00a0Agust\u00edn Casanova, y de las dudas que despert\u00f3 su salida sobre el futuro de\u00a0Flor Vigna,\u00a0Marcelo Tinelli\u00a0anunci\u00f3 en el comienzo del programa que la\u00a0 campeona de el Bailando 2016\u00a0continuar\u00e1 en el certamen de baile acompa\u00f1ada [&hellip;]<\/p>\n","protected":false},"author":1,"featured_media":57021,"comment_status":"closed","ping_status":"closed","sticky":false,"template":"","format":"standard","meta":{"_seopress_robots_primary_cat":"","_seopress_titles_title":"","_seopress_titles_desc":"","_seopress_robots_index":"","footnotes":""},"categories":[477,2],"tags":[19942,20009],"class_list":{"0":"post-57020","1":"post","2":"type-post","3":"status-publish","4":"format-standard","5":"has-post-thumbnail","7":"category-showmatch","8":"category-tv","9":"tag-flor-vigna-sera-figura-en-el-bailando","10":"tag-flor-vigna-y-gonzalo-gerber"},"_links":{"self":[{"href":"https:\/\/www.cordobatimes.com\/showup\/wp-json\/wp\/v2\/posts\/57020","targetHints":{"allow":["GET"]}}],"collection":[{"href":"https:\/\/www.cordobatimes.com\/showup\/wp-json\/wp\/v2\/posts"}],"about":[{"href":"https:\/\/www.cordobatimes.com\/showup\/wp-json\/wp\/v2\/types\/post"}],"author":[{"embeddable":true,"href":"https:\/\/www.cordobatimes.com\/showup\/wp-json\/wp\/v2\/users\/1"}],"replies":[{"embeddable":true,"href":"https:\/\/www.cordobatimes.com\/showup\/wp-json\/wp\/v2\/comments?post=57020"}],"version-history":[{"count":0,"href":"https:\/\/www.cordobatimes.com\/showup\/wp-json\/wp\/v2\/posts\/57020\/revisions"}],"wp:featuredmedia":[{"embeddable":true,"href":"https:\/\/www.cordobatimes.com\/showup\/wp-json\/wp\/v2\/media\/57021"}],"wp:attachment":[{"href":"https:\/\/www.cordobatimes.com\/showup\/wp-json\/wp\/v2\/media?parent=57020"}],"wp:term":[{"taxonomy":"category","embeddable":true,"href":"https:\/\/www.cordobatimes.com\/showup\/wp-json\/wp\/v2\/categories?post=57020"},{"taxonomy":"post_tag","embeddable":true,"href":"https:\/\/www.cordobatimes.com\/showup\/wp-json\/wp\/v2\/tags?post=57020"}],"curies":[{"name":"wp","href":"https:\/\/api.w.org\/{rel}","templated":true}]}}