{"id":56960,"date":"2017-11-06T10:15:56","date_gmt":"2017-11-06T13:15:56","guid":{"rendered":"http:\/\/www.cordobatimes.com\/showup\/?p=56960"},"modified":"2020-06-11T13:55:12","modified_gmt":"2020-06-11T16:55:12","slug":"ultimatum-netflix-kevin-spacey","status":"publish","type":"post","link":"https:\/\/www.cordobatimes.com\/showup\/cine-y-series\/2017\/11\/06\/ultimatum-netflix-kevin-spacey\/","title":{"rendered":"El ultim\u00e1tum de Netflix sobre Kevin Spacey"},"content":{"rendered":"<h3><strong>Un nuevo giro de tim\u00f3n en el caso que escandaliza a Hollywood.<\/strong><\/h3>\n<p>Netflix\u00a0anunci\u00f3 el viernes que no permanecer\u00e1 en la producci\u00f3n de\u00a0House of Cards\u00a0si en ella contin\u00faa el actor\u00a0Kevin Spacey, empapado por una ola de denuncias sexuales.<\/p>\n<p>\u00abNetflix no estar\u00e1 involucrada con ninguna producci\u00f3n futura de House of Cards. Continuaremos trabajando con MRC (la compa\u00f1\u00eda productora) durante esta pausa para evaluar nuestro camino juntos con respecto al show\u00bb, dijo un portavoz de la empresa a la agencia AFP.<\/p>\n<p>El gigante de la TV por streaming dijo adem\u00e1s que no lanzar\u00eda el a\u00f1o que viene, como previsto, la pel\u00edcula protagonizada y producida por Spacey,\u00a0Gore,\u00a0sobre la vida del famoso escritor estadounidense Gore Vidal.<\/p>\n<p>Netflix hab\u00eda dicho que\u00a0la sexta temporada de House of Cards ser\u00eda la misma, pero a medida que aument\u00f3 el esc\u00e1ndalo, y tras reunirse con el elenco y el equipo de producci\u00f3n, decidi\u00f3 parar indefinidamente su producci\u00f3n.<\/p>\n<p>\u200bLas acusaciones de abusos sexuales contra jovencitos se han multiplicado en los \u00faltimos d\u00edas sobre la figura de Spacey, de 58 a\u00f1os y dos veces ganador del \u00d3scar, entre ellas un supuesto intento de violaci\u00f3n a un adolescente de 15 a\u00f1os hace tres d\u00e9cadas.<\/p>\n","protected":false},"excerpt":{"rendered":"<p>Un nuevo giro de tim\u00f3n en el caso que escandaliza a Hollywood. Netflix\u00a0anunci\u00f3 el viernes que no permanecer\u00e1 en la producci\u00f3n de\u00a0House of Cards\u00a0si en ella contin\u00faa el actor\u00a0Kevin Spacey, empapado por una ola de denuncias sexuales. \u00abNetflix no estar\u00e1 involucrada con ninguna producci\u00f3n futura de House of Cards. Continuaremos trabajando con MRC (la compa\u00f1\u00eda [&hellip;]<\/p>\n","protected":false},"author":1,"featured_media":56961,"comment_status":"closed","ping_status":"closed","sticky":false,"template":"","format":"standard","meta":{"_seopress_robots_primary_cat":"","_seopress_titles_title":"","_seopress_titles_desc":"","_seopress_robots_index":"","footnotes":""},"categories":[3],"tags":[31875,31876,31874,19896],"class_list":{"0":"post-56960","1":"post","2":"type-post","3":"status-publish","4":"format-standard","5":"has-post-thumbnail","7":"category-cine-y-series","8":"tag-kevin-spacey-denuncias-sexuales","9":"tag-kevin-spacey-house-of-cards","10":"tag-netflix-kevin-spacey","11":"tag-ultimatum-de-netflix"},"_links":{"self":[{"href":"https:\/\/www.cordobatimes.com\/showup\/wp-json\/wp\/v2\/posts\/56960","targetHints":{"allow":["GET"]}}],"collection":[{"href":"https:\/\/www.cordobatimes.com\/showup\/wp-json\/wp\/v2\/posts"}],"about":[{"href":"https:\/\/www.cordobatimes.com\/showup\/wp-json\/wp\/v2\/types\/post"}],"author":[{"embeddable":true,"href":"https:\/\/www.cordobatimes.com\/showup\/wp-json\/wp\/v2\/users\/1"}],"replies":[{"embeddable":true,"href":"https:\/\/www.cordobatimes.com\/showup\/wp-json\/wp\/v2\/comments?post=56960"}],"version-history":[{"count":0,"href":"https:\/\/www.cordobatimes.com\/showup\/wp-json\/wp\/v2\/posts\/56960\/revisions"}],"wp:featuredmedia":[{"embeddable":true,"href":"https:\/\/www.cordobatimes.com\/showup\/wp-json\/wp\/v2\/media\/56961"}],"wp:attachment":[{"href":"https:\/\/www.cordobatimes.com\/showup\/wp-json\/wp\/v2\/media?parent=56960"}],"wp:term":[{"taxonomy":"category","embeddable":true,"href":"https:\/\/www.cordobatimes.com\/showup\/wp-json\/wp\/v2\/categories?post=56960"},{"taxonomy":"post_tag","embeddable":true,"href":"https:\/\/www.cordobatimes.com\/showup\/wp-json\/wp\/v2\/tags?post=56960"}],"curies":[{"name":"wp","href":"https:\/\/api.w.org\/{rel}","templated":true}]}}