{"id":56924,"date":"2017-11-02T13:07:07","date_gmt":"2017-11-02T16:07:07","guid":{"rendered":"http:\/\/www.cordobatimes.com\/showup\/?p=56924"},"modified":"2020-06-11T21:26:56","modified_gmt":"2020-06-12T00:26:56","slug":"beyonce-sera-la-voz-nala-rey-leon-version-humana","status":"publish","type":"post","link":"https:\/\/www.cordobatimes.com\/showup\/cine-y-series\/2017\/11\/02\/beyonce-sera-la-voz-nala-rey-leon-version-humana\/","title":{"rendered":"Beyonc\u00e9 ser\u00e1 la voz de Nala en el Rey Le\u00f3n versi\u00f3n humana"},"content":{"rendered":"<h3><strong>La cantante acept\u00f3 el ofrecimiento de Disney de ser la voz del personaje del cl\u00e1sico film.<\/strong><\/h3>\n<p>Luego de los rumores, se confirm\u00f3 que\u00a0Beyonc\u00e9\u00a0prestar\u00e1 su voz a la leona Nala en el remake del cl\u00e1sico de Disney\u00a0<i>El rey le\u00f3n<\/i>, seg\u00fan anunci\u00f3 Disney. El film se estrenar\u00e1 en 2019 y tendr\u00e1 direcci\u00f3n de Jon Favreau que ya version\u00f3 con \u00e9xito\u00a0<i>El libro de la selva<\/i>.<\/p>\n<p>Recordemos\u00a0que la artista hace poco tuvo a sus mellizos\u00a0y este ser\u00eda el primer trabajo que acepta luego de concentrarse en el cuidado de los primeros meses de sus peque\u00f1os. La cantante compartir\u00e1 reparto con Chiwetel Ejiofor como el malvado Scar, Seth Rogen como Pumba, James Earl Jones como Mufasa y Donald Glover como Simba.<\/p>\n<blockquote class=\"twitter-tweet\" data-lang=\"es\">\n<p dir=\"ltr\" lang=\"en\">ICYMI: <a href=\"https:\/\/twitter.com\/Beyonce?ref_src=twsrc%5Etfw\">@Beyonce<\/a> Is Joining <a href=\"https:\/\/twitter.com\/hashtag\/TheLionKing?src=hash&amp;ref_src=twsrc%5Etfw\">#TheLionKing<\/a>. See the Full Cast Here: <a href=\"https:\/\/t.co\/5gCcHBc3wx\">https:\/\/t.co\/5gCcHBc3wx<\/a> <a href=\"https:\/\/t.co\/XBrHL7wSIH\">pic.twitter.com\/XBrHL7wSIH<\/a><\/p>\n<p>\u2014 Disney (@Disney) <a href=\"https:\/\/twitter.com\/Disney\/status\/925942801740763136?ref_src=twsrc%5Etfw\">2 de noviembre de 2017<\/a><\/p><\/blockquote>\n<p><script async src=\"https:\/\/platform.twitter.com\/widgets.js\" charset=\"utf-8\"><\/script><\/p>\n<p>\u00abReunir un equipo con tanto talento como \u00e9ste para dar vida a este cl\u00e1sico es el sue\u00f1o de cualquier director\u00bb, dijo Favreau en un comunicado. Por su parte, el c\u00f3mico Billie Eichner expres\u00f3 desde las redes: \u00abEstoy m\u00e1s que emocionado de unirme a Donald Glover, Beyonc\u00e9 y m\u00e1s en El Rey Le\u00f3n de Disney \u00a1Y hacerlo junto a Seth Rogen como Timon y Pumba!\u00bb.<\/p>\n<p>La estrella ya dio voz a la reina Tara en el film animado en 3D Epic (2013) y actu\u00f3 entre otros en el musical Dreamgirls (2006). Esta nueva versi\u00f3n de El Rey Le\u00f3n tiene la novedad de que combinar\u00e1 im\u00e1genes reales con tecnolog\u00eda generada por computadora (CGI).<\/p>\n","protected":false},"excerpt":{"rendered":"<p>La cantante acept\u00f3 el ofrecimiento de Disney de ser la voz del personaje del cl\u00e1sico film. Luego de los rumores, se confirm\u00f3 que\u00a0Beyonc\u00e9\u00a0prestar\u00e1 su voz a la leona Nala en el remake del cl\u00e1sico de Disney\u00a0El rey le\u00f3n, seg\u00fan anunci\u00f3 Disney. El film se estrenar\u00e1 en 2019 y tendr\u00e1 direcci\u00f3n de Jon Favreau que ya [&hellip;]<\/p>\n","protected":false},"author":1,"featured_media":56925,"comment_status":"closed","ping_status":"closed","sticky":false,"template":"","format":"standard","meta":{"_seopress_robots_primary_cat":"","_seopress_titles_title":"","_seopress_titles_desc":"","_seopress_robots_index":"","footnotes":""},"categories":[3],"tags":[19869,19871],"class_list":{"0":"post-56924","1":"post","2":"type-post","3":"status-publish","4":"format-standard","5":"has-post-thumbnail","7":"category-cine-y-series","8":"tag-beyonce-sera-la-voz-de-nala","9":"tag-rey-leon-version-humana"},"_links":{"self":[{"href":"https:\/\/www.cordobatimes.com\/showup\/wp-json\/wp\/v2\/posts\/56924","targetHints":{"allow":["GET"]}}],"collection":[{"href":"https:\/\/www.cordobatimes.com\/showup\/wp-json\/wp\/v2\/posts"}],"about":[{"href":"https:\/\/www.cordobatimes.com\/showup\/wp-json\/wp\/v2\/types\/post"}],"author":[{"embeddable":true,"href":"https:\/\/www.cordobatimes.com\/showup\/wp-json\/wp\/v2\/users\/1"}],"replies":[{"embeddable":true,"href":"https:\/\/www.cordobatimes.com\/showup\/wp-json\/wp\/v2\/comments?post=56924"}],"version-history":[{"count":0,"href":"https:\/\/www.cordobatimes.com\/showup\/wp-json\/wp\/v2\/posts\/56924\/revisions"}],"wp:featuredmedia":[{"embeddable":true,"href":"https:\/\/www.cordobatimes.com\/showup\/wp-json\/wp\/v2\/media\/56925"}],"wp:attachment":[{"href":"https:\/\/www.cordobatimes.com\/showup\/wp-json\/wp\/v2\/media?parent=56924"}],"wp:term":[{"taxonomy":"category","embeddable":true,"href":"https:\/\/www.cordobatimes.com\/showup\/wp-json\/wp\/v2\/categories?post=56924"},{"taxonomy":"post_tag","embeddable":true,"href":"https:\/\/www.cordobatimes.com\/showup\/wp-json\/wp\/v2\/tags?post=56924"}],"curies":[{"name":"wp","href":"https:\/\/api.w.org\/{rel}","templated":true}]}}