{"id":56813,"date":"2017-10-28T09:48:42","date_gmt":"2017-10-28T12:48:42","guid":{"rendered":"http:\/\/www.cordobatimes.com\/showup\/?p=56813"},"modified":"2022-10-31T22:15:08","modified_gmt":"2022-11-01T01:15:08","slug":"flor-vigna-se-lucio-rock","status":"publish","type":"post","link":"https:\/\/www.cordobatimes.com\/showup\/tv\/2017\/10\/28\/flor-vigna-se-lucio-rock\/","title":{"rendered":"Flor Vigna se luci\u00f3 en el rock"},"content":{"rendered":"<h3>\u00a0Flor \u00a0y\u00a0Agust\u00edn , en su previa confirmaron que pronto formar\u00e1n parte de una nueva tira de Pol-Ka.<\/h3>\n<p>Tinelli, muy r\u00e1pidamente, agreg\u00f3 que ellos no son como otros que \u00ablos contratan de Pol-ka y se rajan\u00bb,\u00a0en clara alusi\u00f3n a la reciente partida de Gast\u00f3n Soffritti. En la devoluci\u00f3n del n\u00famero, \u00c1ngel fue directo y expres\u00f3 \u00abfelicitaciones, me gust\u00f3 mucho\u00bb, y destac\u00f3 que la pareja est\u00e1 \u00abpor arriba del nivel promedio\u00bb (8). Pampita tambi\u00e9n dijo \u00abme encant\u00f3\u00bb, y resalt\u00f3 que el baile de Flor fue \u00abun fuego\u00bb (9). Moria not\u00f3 algunas fallas y les aconsej\u00f3 empatar las alturas porque la diferencia juega en contra, pero sin embargo resalt\u00f3 que la dupla brind\u00f3 show (voto secreto). Polino por su parte expres\u00f3 \u00abmuy lindo lo que hicieron\u00bb, pero coincidi\u00f3 en que deben hacer algo con el tema de la altura porque la diferencia queda poco est\u00e9tica (7).<\/p>\n<p><iframe loading=\"lazy\" src=\"https:\/\/www.youtube.com\/embed\/3df1v6gWCxQ\" width=\"560\" height=\"315\" frameborder=\"0\" allowfullscreen=\"allowfullscreen\"><\/iframe><\/p>\n","protected":false},"excerpt":{"rendered":"<p>\u00a0Flor \u00a0y\u00a0Agust\u00edn , en su previa confirmaron que pronto formar\u00e1n parte de una nueva tira de Pol-Ka. Tinelli, muy r\u00e1pidamente, agreg\u00f3 que ellos no son como otros que \u00ablos contratan de Pol-ka y se rajan\u00bb,\u00a0en clara alusi\u00f3n a la reciente partida de Gast\u00f3n Soffritti. En la devoluci\u00f3n del n\u00famero, \u00c1ngel fue directo y expres\u00f3 \u00abfelicitaciones, [&hellip;]<\/p>\n","protected":false},"author":1,"featured_media":56814,"comment_status":"closed","ping_status":"closed","sticky":false,"template":"","format":"standard","meta":{"_seopress_robots_primary_cat":"","_seopress_titles_title":"","_seopress_titles_desc":"","_seopress_robots_index":"","footnotes":""},"categories":[477,2],"tags":[18589,19772],"class_list":{"0":"post-56813","1":"post","2":"type-post","3":"status-publish","4":"format-standard","5":"has-post-thumbnail","7":"category-showmatch","8":"category-tv","9":"tag-flor-vigna-y-agustin-casanova","10":"tag-rock-de-flor-vigna"},"_links":{"self":[{"href":"https:\/\/www.cordobatimes.com\/showup\/wp-json\/wp\/v2\/posts\/56813","targetHints":{"allow":["GET"]}}],"collection":[{"href":"https:\/\/www.cordobatimes.com\/showup\/wp-json\/wp\/v2\/posts"}],"about":[{"href":"https:\/\/www.cordobatimes.com\/showup\/wp-json\/wp\/v2\/types\/post"}],"author":[{"embeddable":true,"href":"https:\/\/www.cordobatimes.com\/showup\/wp-json\/wp\/v2\/users\/1"}],"replies":[{"embeddable":true,"href":"https:\/\/www.cordobatimes.com\/showup\/wp-json\/wp\/v2\/comments?post=56813"}],"version-history":[{"count":0,"href":"https:\/\/www.cordobatimes.com\/showup\/wp-json\/wp\/v2\/posts\/56813\/revisions"}],"wp:featuredmedia":[{"embeddable":true,"href":"https:\/\/www.cordobatimes.com\/showup\/wp-json\/wp\/v2\/media\/56814"}],"wp:attachment":[{"href":"https:\/\/www.cordobatimes.com\/showup\/wp-json\/wp\/v2\/media?parent=56813"}],"wp:term":[{"taxonomy":"category","embeddable":true,"href":"https:\/\/www.cordobatimes.com\/showup\/wp-json\/wp\/v2\/categories?post=56813"},{"taxonomy":"post_tag","embeddable":true,"href":"https:\/\/www.cordobatimes.com\/showup\/wp-json\/wp\/v2\/tags?post=56813"}],"curies":[{"name":"wp","href":"https:\/\/api.w.org\/{rel}","templated":true}]}}