{"id":56809,"date":"2017-10-28T09:31:44","date_gmt":"2017-10-28T12:31:44","guid":{"rendered":"http:\/\/www.cordobatimes.com\/showup\/?p=56809"},"modified":"2022-10-31T22:15:09","modified_gmt":"2022-11-01T01:15:09","slug":"la-noche-la-mica-viciconte-brillo","status":"publish","type":"post","link":"https:\/\/www.cordobatimes.com\/showup\/tv\/2017\/10\/28\/la-noche-la-mica-viciconte-brillo\/","title":{"rendered":"La noche en la que Mica Viciconte brill\u00f3"},"content":{"rendered":"<h3><strong>La estrella de combate y\u00a0\u00a0Jorge Moliniers, que lograron uno de los mejores puntajes del ritmo.\u00a0<\/strong><\/h3>\n<p>Una vez finalizado el n\u00famero, \u00c1ngel felicit\u00f3 a Mica por su performance y le dijo que otras parejas que llevan todo el a\u00f1o no aprendieron lo que ella logr\u00f3 en cuatro galas (10). Pampita expres\u00f3 que \u00abMica le va agarrando el gustito a lo de bailar\u00bb (9), mientras que Moria coincidi\u00f3 en los elogios para con Viciconte y coment\u00f3: \u00abMe gust\u00f3, no me mat\u00f3\u00bb (voto secreto). Por \u00faltimo, Marcelo Polino tambi\u00e9n elogi\u00f3 a la pareja (7).<\/p>\n<p><iframe loading=\"lazy\" src=\"https:\/\/www.youtube.com\/embed\/olnbMztrC0k\" width=\"560\" height=\"315\" frameborder=\"0\" allowfullscreen=\"allowfullscreen\"><\/iframe><\/p>\n","protected":false},"excerpt":{"rendered":"<p>La estrella de combate y\u00a0\u00a0Jorge Moliniers, que lograron uno de los mejores puntajes del ritmo.\u00a0 Una vez finalizado el n\u00famero, \u00c1ngel felicit\u00f3 a Mica por su performance y le dijo que otras parejas que llevan todo el a\u00f1o no aprendieron lo que ella logr\u00f3 en cuatro galas (10). Pampita expres\u00f3 que \u00abMica le va agarrando [&hellip;]<\/p>\n","protected":false},"author":1,"featured_media":56810,"comment_status":"closed","ping_status":"closed","sticky":false,"template":"","format":"standard","meta":{"_seopress_robots_primary_cat":"","_seopress_titles_title":"","_seopress_titles_desc":"","_seopress_robots_index":"","footnotes":""},"categories":[477,2],"tags":[18247,19771],"class_list":{"0":"post-56809","1":"post","2":"type-post","3":"status-publish","4":"format-standard","5":"has-post-thumbnail","7":"category-showmatch","8":"category-tv","9":"tag-mica-viciconte-en-el-bailando","10":"tag-rock-de-mica-viciconte"},"_links":{"self":[{"href":"https:\/\/www.cordobatimes.com\/showup\/wp-json\/wp\/v2\/posts\/56809","targetHints":{"allow":["GET"]}}],"collection":[{"href":"https:\/\/www.cordobatimes.com\/showup\/wp-json\/wp\/v2\/posts"}],"about":[{"href":"https:\/\/www.cordobatimes.com\/showup\/wp-json\/wp\/v2\/types\/post"}],"author":[{"embeddable":true,"href":"https:\/\/www.cordobatimes.com\/showup\/wp-json\/wp\/v2\/users\/1"}],"replies":[{"embeddable":true,"href":"https:\/\/www.cordobatimes.com\/showup\/wp-json\/wp\/v2\/comments?post=56809"}],"version-history":[{"count":0,"href":"https:\/\/www.cordobatimes.com\/showup\/wp-json\/wp\/v2\/posts\/56809\/revisions"}],"wp:featuredmedia":[{"embeddable":true,"href":"https:\/\/www.cordobatimes.com\/showup\/wp-json\/wp\/v2\/media\/56810"}],"wp:attachment":[{"href":"https:\/\/www.cordobatimes.com\/showup\/wp-json\/wp\/v2\/media?parent=56809"}],"wp:term":[{"taxonomy":"category","embeddable":true,"href":"https:\/\/www.cordobatimes.com\/showup\/wp-json\/wp\/v2\/categories?post=56809"},{"taxonomy":"post_tag","embeddable":true,"href":"https:\/\/www.cordobatimes.com\/showup\/wp-json\/wp\/v2\/tags?post=56809"}],"curies":[{"name":"wp","href":"https:\/\/api.w.org\/{rel}","templated":true}]}}