{"id":56722,"date":"2017-10-23T13:23:25","date_gmt":"2017-10-23T16:23:25","guid":{"rendered":"http:\/\/www.cordobatimes.com\/showup\/?p=56722"},"modified":"2020-05-31T19:07:25","modified_gmt":"2020-05-31T22:07:25","slug":"hoy-cumpleanos-66-charly-garcia-la-leyenda-viviente-la-musica-argentina","status":"publish","type":"post","link":"https:\/\/www.cordobatimes.com\/showup\/musica\/2017\/10\/23\/hoy-cumpleanos-66-charly-garcia-la-leyenda-viviente-la-musica-argentina\/","title":{"rendered":"Hoy es el cumplea\u00f1os 66 de Charly Garc\u00eda, la leyenda viviente de la m\u00fasica argentina"},"content":{"rendered":"<h3><strong>El 23 de octubre de 1951 naci\u00f3 en Buenos Aires el artista m\u00e1s importante del rock nacional.\u00a0<\/strong><\/h3>\n<div class=\"row\">\n<div class=\"col-xs-12 col-print-12\">\n<p class=\"element element-paragraph\">Carlos Alberto Garc\u00eda Moreno, conocido por todos como\u00a0Charly Garc\u00eda, marc\u00f3 un antes y un despu\u00e9s en la m\u00fasica argentina.\u00a0Su influencia fue muy fuerte\u00a0-primero en la Argentina al ser uno de los pioneros del rock nacional- y luego a nivel continental dado que\u00a0su obra viaj\u00f3 de norte a sur\u00a0hasta consagrarse en suelo estadounidense cuando en 1995 grab\u00f3 el recordado y exitoso\u00a0MTV Unplugged.<\/p>\n<\/div>\n<\/div>\n<div class=\"row\">\n<div class=\"col-xs-12 col-print-12\">\n<p class=\"element element-paragraph\">\u00abSignific\u00f3 mucho en la m\u00fasica argentina. La primera banda de masas, la primera banda de rock progresivo consistente, la primera superbanda, el tr\u00e1nsito a la modernidad poprockera; y adem\u00e1s, algunas de las mejores canciones de la historia de la m\u00fasica popular nativa. Tambi\u00e9n, lo que signific\u00f3 como modelo rocker, de reventado o de pirado, de buen tipo o de insoportable\u00bb.<\/p>\n<\/div>\n<\/div>\n<div class=\"row\">\n<div class=\"col-xs-12 col-print-12\">\n<p class=\"element element-paragraph\">Las palabras que pertenecen al soci\u00f3logo\u00a0Pablo Alabarces\u00a0-escritas en el pr\u00f3logo del libro\u00a0100 veces Charly, de Jos\u00e9 Bellas y Fernando Garc\u00eda- resumen con un gran poder de s\u00edntesis el\u00a0papel trascendental\u00a0que tuvo este artista en la escena rockera nacional. Y, tambi\u00e9n, lo que sigue significando, porque su \u00faltimo trabajo -Random- es una verdadera joyita que no tiene nada que envidiarle a sus discos anteriores.<\/p>\n<div class=\"teads-inread\">\n<div class=\"teads-ui-components-label\"><\/div>\n<div class=\"teads-ui-components-label\">\n<div class=\"row\">\n<div class=\"col-xs-12 col-print-12\">\n<p class=\"element element-paragraph\">Decir que su figura es gigante resulta indudable y hasta obvio. Pero vale la pena repetirlo las veces que sea necesario, sobre todo para las generaciones m\u00e1s j\u00f3venes.\u00a0Considerado por muchos como el\u00a0mejor m\u00fasico argentino de todos los tiempos\u00a0-t\u00edtulo basado en su capacidad compositiva, su o\u00eddo absoluto y su destreza para tocar el piano- apareci\u00f3 en la escena musical en la d\u00e9cada de 1970 cuando form\u00f3 junto a\u00a0Nito Mestre\u00a0el recordado grupo\u00a0Sui Generis.<\/p>\n<\/div>\n<\/div>\n<div class=\"row\">\n<div class=\"col-xs-12 col-print-12\">\n<p class=\"element element-paragraph\">\u00abNos conocimos en el tercer a\u00f1o de secundaria. \u00c9l estaba en otro curso. En t\u00e9rminos generales era t\u00edmido, absolutamente t\u00edmido y encerrado. Socializaba muy poco con el resto (\u2026). No era quilombero, era todo para adentro\u00bb, recordar\u00eda Mestre en el mencionado libro\u00a0100 veces Charly.<\/p>\n<p class=\"element element-paragraph\">Con\u00a0Sui Generis, Garc\u00eda empez\u00f3 una verdadera carrera de \u00e9xitos que continuar\u00eda con su segundo grupo importante,\u00a0La m\u00e1quina de hacer p\u00e1jaros; y luego con\u00a0Ser\u00fa Gir\u00e1n, hasta que en 1982 decidi\u00f3 seguir como\u00a0solista. Ya eran tiempos de\u00a0dictadura\u00a0y, por supuesto, no era nada f\u00e1cil hacer m\u00fasica.<\/p>\n<p class=\"element element-paragraph\">\u00abFue la figura m\u00e1s creativa de la \u00e9poca, sobre todo si comparamos su obra de entonces con otros momentos de su propia producci\u00f3n musical.\u00a0Me parece que fue central, en particular por su agudeza para poder decir, para trabajar la met\u00e1fora siempre vinculada a lo sonoro, a lo musical. En ese sentido, me parece que las canciones de Charly Garc\u00eda son maravillosas y que, a diferencia de otras de la misma \u00e9poca, se bancan perfectamente el paso del tiempo\u00bb, analiz\u00f3\u00a0Sergio Pujol, especialista en el tema y autor del libro\u00a0Rock y Dictadura, en una entrevista con\u00a0P\u00e1gina 12\u00a0en noviembre de 2005.<\/p>\n<p><iframe loading=\"lazy\" src=\"https:\/\/www.youtube.com\/embed\/O-dZHcoq5Ig\" width=\"560\" height=\"315\" frameborder=\"0\" allowfullscreen=\"allowfullscreen\"><\/iframe><\/p>\n<p>Invitado por Felipe Pigna en el programa Qu\u00e9 fue de tu vida el 19 de enero de 2012, Charly explic\u00f3 c\u00f3mo compuso un tema muy recordado de esa dura \u00e9poca, Alicia en el pa\u00eds. \u00abCuando hay un enemigo visible uno se tiene que esforzar m\u00e1s para protestar y que no se den cuenta. Me puse metaf\u00f3rico pero bastante directo. Bastante directo porque hablaba de las torturas; de las morsas, que era Ongan\u00eda; los brujos, que era L\u00f3pez Rega\u00bb, cont\u00f3 el m\u00fasico.<\/p>\n<p>Si bien ya era muy reconocido al haber liderado esas bandas, su explosi\u00f3n a nivel continental llegar\u00eda en la d\u00e9cada del &#8217;80. Sus discos Yendo de la cama al living (1982), Clics modernos (1983), Piano Bar (1984) y Parte de la religi\u00f3n (1987) marcaron a fuego esa \u00e9poca post dictadura argentina y la expansi\u00f3n de su obra m\u00e1s all\u00e1 de la frontera.<\/p>\n<p><iframe loading=\"lazy\" src=\"https:\/\/www.youtube.com\/embed\/8OcKBa9QYaI\" width=\"560\" height=\"315\" frameborder=\"0\" allowfullscreen=\"allowfullscreen\"><\/iframe><\/p>\n<p>A diferencia de lo que sucedi\u00f3 -por ejemplo- con Soda Stereo, que bas\u00f3 su carrera en extensas giras por toda Am\u00e9rica, lo de Charly fue m\u00e1s local pero no por ello result\u00f3 menos reconocido en la regi\u00f3n. Sin embargo, hubo un hito que sobresali\u00f3 a mediados de los &#8217;90 para el cantante: se trat\u00f3 del MTV Unplugged hecho en suelo estadounidense un a\u00f1o despu\u00e9s de la publicaci\u00f3n de La hija de la l\u00e1grima (1994).<\/p>\n<p>El unplugged de Garc\u00eda fue grabado el 4 de mayo de 1995 en los estudios de la cadena, en Miami, y qued\u00f3 en la historia porque se vio al argentino en un alt\u00edsimo nivel junto a su banda del momento, Los Cassandra Lange, a quienes Charly ya hab\u00eda despedido en varias ocasiones pero los reunir\u00eda -aunque sin Juan Carlos Bellia- para ese show especial.<\/p>\n<p><iframe loading=\"lazy\" src=\"https:\/\/www.youtube.com\/embed\/Epjwdf4nC3c\" width=\"560\" height=\"315\" frameborder=\"0\" allowfullscreen=\"allowfullscreen\"><\/iframe><\/p>\n<p>Como lo recuerdan expertos de la \u00e9poca, esos eran los tiempos en los que la MTV marcaba las pautas en la m\u00fasica. \u00abSin un videoclip no exist\u00edas, sin un concierto ac\u00fastico menos\u00bb. Y all\u00ed Charly deslumbr\u00f3. Su umplugged recogi\u00f3 los mejores temas en versiones nunca hechas hasta ese momento e impact\u00f3 en el p\u00fablico y la cr\u00edtica latina.<\/p>\n<p>En este breve repaso no podemos omitir que en el 2000 volvi\u00f3 Sui Generis con la edici\u00f3n de un nuevo disco, Sinfon\u00edas para adolescentes, cuya presentaci\u00f3n en el estadio de Boca Juniors reuni\u00f3 a m\u00e1s de 25.000 personas. Luego sigui\u00f3 con su carrera solista y, lamentablemente, con sus problemas de adicciones.<\/p>\n<p><iframe loading=\"lazy\" src=\"https:\/\/www.youtube.com\/embed\/TpfjrAV6Drg\" width=\"560\" height=\"315\" frameborder=\"0\" allowfullscreen=\"allowfullscreen\"><\/iframe><\/p>\n<p>Tantos a\u00f1os de excesos le iban a empezar a pasar factura a Charly y su salud comenz\u00f3 a deteriorase. As\u00ed fue como el 9 de julio de 2008 fue internado en Mendoza por una neumon\u00eda. Luego tuvo una extensa estad\u00eda en la quinta de su amigo Palito Ortega, donde tras pasarla muy mal logr\u00f3 recuperarse para volver a los escenarios en 2009.<\/p>\n<p>Ese a\u00f1o realiz\u00f3 un recital sorpresa en Luj\u00e1n y luego un memorable show en la cancha de V\u00e9lez, que el propio Charly denomin\u00f3 \u00abEl concierto subacu\u00e1tico\u00bb por la lluvia torrencial que cay\u00f3 en Buenos Aires durante las poco m\u00e1s de dos horas que dur\u00f3 el espect\u00e1culo. Ese 23 de octubre de 2009 no era un d\u00eda m\u00e1s. Garc\u00eda cumpl\u00eda a\u00f1os y lo festejaba como mejor sabe hacerlo: arriba de un escenario.<\/p>\n<p><iframe loading=\"lazy\" src=\"https:\/\/www.youtube.com\/embed\/0Rf_3FgPtcA\" width=\"560\" height=\"315\" frameborder=\"0\" allowfullscreen=\"allowfullscreen\"><\/iframe><\/p>\n<p>Los \u00faltimos a\u00f1os no fueron f\u00e1ciles para el cantante, quien en varias ocasiones estuvo internado por distintos problemas de salud. En junio de 2012, mientras interpretaba Canci\u00f3n de 2\u00d73, se desmay\u00f3 sobre el piano a una hora de haber comenzado su recital en el estadio Orfeo y encendi\u00f3 las alarmas de sus seguidores.<\/p>\n<p>Estuvo internado en el Instituto Modelo de Cardiolog\u00eda por \u00absu estr\u00e9s por la presentaci\u00f3n y porque es muy fumador. Eso provoc\u00f3 una crisis de hipertensi\u00f3n pero se recuper\u00f3 bien y est\u00e1 estable\u00bb, dec\u00eda el parte m\u00e9dico de ese momento.<\/p>\n<p>En 2015 fue operado por una fisura de cadera y se le insert\u00f3 un clavo, que fue retirado en otra intervenci\u00f3n quir\u00fargica el 7 de marzo de 2016.<\/p>\n<p>A fines del a\u00f1o pasado, el 21 de diciembre, volvi\u00f3 a ser hospitalizado por la complicaci\u00f3n de una enfermedad viral que le provoc\u00f3 un cuadro de fiebre y deshidrataci\u00f3n. A las 96 horas recibi\u00f3 el alta pero el 28 otra vez fue ingresado para realizarse un estudio y sali\u00f3 del hospital el 31 de diciembre.<\/p>\n<p>El 24 de febrero de este a\u00f1o edit\u00f3 su decimotercer disco de estudio de manera solista y recibi\u00f3 buenas cr\u00edticas del p\u00fablico y la prensa especializada.<\/p>\n<p><iframe loading=\"lazy\" src=\"https:\/\/www.youtube.com\/embed\/ZqV7fvVgHSo\" width=\"560\" height=\"315\" frameborder=\"0\" allowfullscreen=\"allowfullscreen\"><\/iframe><\/p>\n<p>Random cont\u00f3 con dos cortes de difusi\u00f3n \u2013La m\u00e1quina de ser feliz y Lluvia- y hasta la fecha vendi\u00f3 m\u00e1s de 20.000 copias, cifra nada despreciable en tiempos en que la gente escucha m\u00fasica por Internet.<\/p>\n<\/div>\n<\/div>\n<\/div>\n<\/div>\n<\/div>\n<\/div>\n","protected":false},"excerpt":{"rendered":"<p>El 23 de octubre de 1951 naci\u00f3 en Buenos Aires el artista m\u00e1s importante del rock nacional.\u00a0 Carlos Alberto Garc\u00eda Moreno, conocido por todos como\u00a0Charly Garc\u00eda, marc\u00f3 un antes y un despu\u00e9s en la m\u00fasica argentina.\u00a0Su influencia fue muy fuerte\u00a0-primero en la Argentina al ser uno de los pioneros del rock nacional- y luego a [&hellip;]<\/p>\n","protected":false},"author":1,"featured_media":56723,"comment_status":"closed","ping_status":"closed","sticky":false,"template":"","format":"standard","meta":{"_seopress_robots_primary_cat":"","_seopress_titles_title":"","_seopress_titles_desc":"","_seopress_robots_index":"","footnotes":""},"categories":[5],"tags":[19715],"class_list":{"0":"post-56722","1":"post","2":"type-post","3":"status-publish","4":"format-standard","5":"has-post-thumbnail","7":"category-musica","8":"tag-cumpleanos-de-charly-garcia"},"_links":{"self":[{"href":"https:\/\/www.cordobatimes.com\/showup\/wp-json\/wp\/v2\/posts\/56722","targetHints":{"allow":["GET"]}}],"collection":[{"href":"https:\/\/www.cordobatimes.com\/showup\/wp-json\/wp\/v2\/posts"}],"about":[{"href":"https:\/\/www.cordobatimes.com\/showup\/wp-json\/wp\/v2\/types\/post"}],"author":[{"embeddable":true,"href":"https:\/\/www.cordobatimes.com\/showup\/wp-json\/wp\/v2\/users\/1"}],"replies":[{"embeddable":true,"href":"https:\/\/www.cordobatimes.com\/showup\/wp-json\/wp\/v2\/comments?post=56722"}],"version-history":[{"count":0,"href":"https:\/\/www.cordobatimes.com\/showup\/wp-json\/wp\/v2\/posts\/56722\/revisions"}],"wp:featuredmedia":[{"embeddable":true,"href":"https:\/\/www.cordobatimes.com\/showup\/wp-json\/wp\/v2\/media\/56723"}],"wp:attachment":[{"href":"https:\/\/www.cordobatimes.com\/showup\/wp-json\/wp\/v2\/media?parent=56722"}],"wp:term":[{"taxonomy":"category","embeddable":true,"href":"https:\/\/www.cordobatimes.com\/showup\/wp-json\/wp\/v2\/categories?post=56722"},{"taxonomy":"post_tag","embeddable":true,"href":"https:\/\/www.cordobatimes.com\/showup\/wp-json\/wp\/v2\/tags?post=56722"}],"curies":[{"name":"wp","href":"https:\/\/api.w.org\/{rel}","templated":true}]}}