{"id":56696,"date":"2017-10-23T08:57:27","date_gmt":"2017-10-23T11:57:27","guid":{"rendered":"http:\/\/www.cordobatimes.com\/showup\/?p=56696"},"modified":"2020-05-31T20:09:06","modified_gmt":"2020-05-31T23:09:06","slug":"fuego-jimena-baron-lanzo-nuevo-videoclip-qlo","status":"publish","type":"post","link":"https:\/\/www.cordobatimes.com\/showup\/musica\/2017\/10\/23\/fuego-jimena-baron-lanzo-nuevo-videoclip-qlo\/","title":{"rendered":"\u00a1Un fuego! Jimena Bar\u00f3n lanz\u00f3 su nuevo videoclip \u00abQLO\u00bb"},"content":{"rendered":"<h3><strong>Despu\u00e9s\u00a0 del \u00e9xito de\u00a0La Tonta, la cantante dio a conocer su nueva canci\u00f3n.<\/strong><\/h3>\n<p>Sexy, talentosa&#8230; \u00a1y con mucho swing! As\u00ed se la vio a Jimena Bar\u00f3n en el video de QLO, su m\u00e1s reciente corte que la tiene como protagonista junto a un grupo de profesionales que bailan al comp\u00e1s de su m\u00fasica.<\/p>\n<p>La cantante fue la encargada de dar a conocer el videoclip este s\u00e1bado 21 de octubre a trav\u00e9s de Twitter, pese a que estaba previsto salir a la luz 24 horas antes. El motivo que la llev\u00f3 a tomar esta decisi\u00f3n fue la confirmaci\u00f3n de la muerte de Santiago Maldonado: \u00abAntes de TODO, somos PERSONAS. No pueden existir diferencias de sentimientos sobre la muerte INJUSTA de NADIE. Seamos HUMANOS, antes que NADA. QEPD Santiago Maldonado. El equipo de La Tonta decide posponer el estreno de #QLO para ma\u00f1ana. Sepan entender. Gracias\u00bb, hab\u00eda dicho tras conocerse la terrible noticia.<\/p>\n<p>Bar\u00f3n, que rompi\u00f3 r\u00e9cords en todas las plataformas digitales, tanto en Spotify como en YouTube -donde alcanz\u00f3 millones de reproducciones en muy poco tiempo y causa furor en las redes sociales- se prepara para el recital que estar\u00e1 brindando en La Trastienda el pr\u00f3ximo 8 de noviembre y para la cual se encuentra ensayando varias horas por d\u00eda.<\/p>\n<p>Para el lanzamiento oficial del nuevo videoclip, Jimena reuni\u00f3 a todo el equipo creativo y art\u00edstico para verlo todos juntos y esperar las repercusiones por parte de los fan\u00e1ticos.<\/p>\n<p><iframe loading=\"lazy\" src=\"https:\/\/www.youtube.com\/embed\/i8dojSr2uAY\" width=\"560\" height=\"315\" frameborder=\"0\" allowfullscreen=\"allowfullscreen\"><\/iframe><\/p>\n","protected":false},"excerpt":{"rendered":"<p>Despu\u00e9s\u00a0 del \u00e9xito de\u00a0La Tonta, la cantante dio a conocer su nueva canci\u00f3n. Sexy, talentosa&#8230; \u00a1y con mucho swing! As\u00ed se la vio a Jimena Bar\u00f3n en el video de QLO, su m\u00e1s reciente corte que la tiene como protagonista junto a un grupo de profesionales que bailan al comp\u00e1s de su m\u00fasica. La cantante [&hellip;]<\/p>\n","protected":false},"author":1,"featured_media":56697,"comment_status":"closed","ping_status":"closed","sticky":false,"template":"","format":"standard","meta":{"_seopress_robots_primary_cat":"","_seopress_titles_title":"","_seopress_titles_desc":"","_seopress_robots_index":"","footnotes":""},"categories":[5],"tags":[19687],"class_list":{"0":"post-56696","1":"post","2":"type-post","3":"status-publish","4":"format-standard","5":"has-post-thumbnail","7":"category-musica","8":"tag-videoclip-qlo"},"_links":{"self":[{"href":"https:\/\/www.cordobatimes.com\/showup\/wp-json\/wp\/v2\/posts\/56696","targetHints":{"allow":["GET"]}}],"collection":[{"href":"https:\/\/www.cordobatimes.com\/showup\/wp-json\/wp\/v2\/posts"}],"about":[{"href":"https:\/\/www.cordobatimes.com\/showup\/wp-json\/wp\/v2\/types\/post"}],"author":[{"embeddable":true,"href":"https:\/\/www.cordobatimes.com\/showup\/wp-json\/wp\/v2\/users\/1"}],"replies":[{"embeddable":true,"href":"https:\/\/www.cordobatimes.com\/showup\/wp-json\/wp\/v2\/comments?post=56696"}],"version-history":[{"count":0,"href":"https:\/\/www.cordobatimes.com\/showup\/wp-json\/wp\/v2\/posts\/56696\/revisions"}],"wp:featuredmedia":[{"embeddable":true,"href":"https:\/\/www.cordobatimes.com\/showup\/wp-json\/wp\/v2\/media\/56697"}],"wp:attachment":[{"href":"https:\/\/www.cordobatimes.com\/showup\/wp-json\/wp\/v2\/media?parent=56696"}],"wp:term":[{"taxonomy":"category","embeddable":true,"href":"https:\/\/www.cordobatimes.com\/showup\/wp-json\/wp\/v2\/categories?post=56696"},{"taxonomy":"post_tag","embeddable":true,"href":"https:\/\/www.cordobatimes.com\/showup\/wp-json\/wp\/v2\/tags?post=56696"}],"curies":[{"name":"wp","href":"https:\/\/api.w.org\/{rel}","templated":true}]}}