{"id":56673,"date":"2017-10-20T13:12:28","date_gmt":"2017-10-20T16:12:28","guid":{"rendered":"http:\/\/www.cordobatimes.com\/showup\/?p=56673"},"modified":"2020-06-01T11:37:32","modified_gmt":"2020-06-01T14:37:32","slug":"mica-viciconte-lali-esposito-las-reinas-los-kids-choice-awards-argentina","status":"publish","type":"post","link":"https:\/\/www.cordobatimes.com\/showup\/tv\/2017\/10\/20\/mica-viciconte-lali-esposito-las-reinas-los-kids-choice-awards-argentina\/","title":{"rendered":"Mica Viciconte y Lali Esp\u00f3sito, las reinas de los Kids Choice Awards Argentina"},"content":{"rendered":"<h3><strong>Anoche se entregaron los premios del canal Nickelodeon.<\/strong><\/h3>\n<p>Una vez m\u00e1s qued\u00f3 demostrado que para ese grupo que comprende a adolescentes, preadolescentes y ni\u00f1as cada vez m\u00e1s precoces (el componente femenino es ampliamente mayoritario) que volvi\u00f3 a colmar las tres bandejas del Teatro Coliseo anoche los KCAA se viven como el momento m\u00e1s importante del a\u00f1o.<\/p>\n<p>Micaela Viciconte gan\u00f3 el premio de\u00a0chica Trendy y\u00a0 sus fans, los Micaelistas ganaron como el mejor Fandom.<\/p>\n<p><img alt=\"\" loading=\"lazy\" decoding=\"async\" class=\"alignnone size-full wp-image-56676\" src=\"http:\/\/www.cordobatimes.com\/showup\/wp-content\/uploads\/2017\/10\/10-2.jpg\" alt=\"\" width=\"512\" height=\"512\" srcset=\"https:\/\/www.cordobatimes.com\/showup\/wp-content\/uploads\/2017\/10\/10-2.jpg 512w, https:\/\/www.cordobatimes.com\/showup\/wp-content\/uploads\/2017\/10\/10-2-420x420.jpg 420w\" sizes=\"auto, (max-width: 512px) 100vw, 512px\" \/><\/p>\n<blockquote class=\"twitter-video\" data-lang=\"es\">\n<p dir=\"ltr\" lang=\"es\"><a href=\"https:\/\/twitter.com\/MicaViciconte?ref_src=twsrc%5Etfw\">@MicaViciconte<\/a> GANADORA DE LA CATEGOR\u00cdA CHICA TRENDY EN LOS KCA???<br \/>\nMICA VICICONTE EN LOS KCAA <a href=\"https:\/\/t.co\/DwtYHayMmR\">pic.twitter.com\/DwtYHayMmR<\/a><\/p>\n<p>\u2014 Cristian Bazan (@CristianBazan_) <a href=\"https:\/\/twitter.com\/CristianBazan_\/status\/921176337972453377?ref_src=twsrc%5Etfw\">20 de octubre de 2017<\/a><\/p><\/blockquote>\n<p><script async src=\"\/\/platform.twitter.com\/widgets.js\" charset=\"utf-8\"><\/script><\/p>\n<p>Mientras que Lali\u00a0gan\u00f3 los premios \u00abArtista o grupo nacional favorito\u00bb y \u00abCanci\u00f3n favorita\u00bb debido a su nuevo hit \u00abUna Na\u00bb<\/p>\n<blockquote class=\"instagram-media\" style=\"background: #FFF; border: 0; border-radius: 3px; box-shadow: 0 0 1px 0 rgba(0,0,0,0.5),0 1px 10px 0 rgba(0,0,0,0.15); margin: 1px; max-width: 658px; padding: 0; width: calc(100% - 2px);\" data-instgrm-captioned=\"\" data-instgrm-version=\"7\">\n<div style=\"padding: 8px;\">\n<div style=\"background: #F8F8F8; line-height: 0; margin-top: 40px; padding: 50% 0; text-align: center; width: 100%;\">\n<div style=\"background: url(data:image\/png; base64,ivborw0kggoaaaansuheugaaacwaaaascamaaaapwqozaaaabgdbtueaalgpc\/xhbqaaaafzukdcak7ohokaaaamuexurczmzpf399fx1+bm5mzy9amaaadisurbvdjlvzxbesmgces5\/p8\/t9furvcrmu73jwlzosgsiizurcjo\/ad+eqjjb4hv8bft+idpqocx1wjosbfhh2xssxeiyn3uli\/6mnree07uiwjev8ueowds88ly97kqytlijkktuybbruayvh5wohixmpi5we58ek028czwyuqdlkpg1bkb4nnm+veanfhqn1k4+gpt6ugqcvu2h2ovuif\/gwufyy8owepdyzsa3avcqpvovvzzz2vtnn2wu8qzvjddeto90gsy9mvlqtgysy231mxry6i2ggqjrty0l8fxcxfcbbhwrsyyaaaaaelftksuqmcc); display: block; height: 44px; margin: 0 auto -44px; position: relative; top: -22px; width: 44px;\"><\/div>\n<\/div>\n<p style=\"margin: 8px 0 0 0; padding: 0 4px;\"><a style=\"color: #000; font-family: Arial,sans-serif; font-size: 14px; font-style: normal; font-weight: normal; line-height: 17px; text-decoration: none; word-wrap: break-word;\" href=\"https:\/\/www.instagram.com\/p\/BaeL-Awh2Eh\/\" target=\"_blank\" rel=\"noopener noreferrer\">GRACIAS POR EL AMOR QUE ME DEMUESTRAN SIEMPRE \u2764\ufe0f? #KCA<\/a><\/p>\n<p style=\"color: #c9c8cd; font-family: Arial,sans-serif; font-size: 14px; line-height: 17px; margin-bottom: 0; margin-top: 8px; overflow: hidden; padding: 8px 0 7px; text-align: center; text-overflow: ellipsis; white-space: nowrap;\">Una publicaci\u00f3n compartida de Lali (@laliespositoo) el <time style=\"font-family: Arial,sans-serif; font-size: 14px; line-height: 17px;\" datetime=\"2017-10-20T13:34:18+00:00\">20 de Oct de 2017 a la(s) 6:34 PDT<\/time><\/p>\n<\/div>\n<\/blockquote>\n<p><script async defer src=\"\/\/platform.instagram.com\/en_US\/embeds.js\"><\/script><\/p>\n<blockquote class=\"twitter-video\" data-lang=\"es\">\n<p dir=\"ltr\" lang=\"es\"><a href=\"https:\/\/twitter.com\/laliespos?ref_src=twsrc%5Etfw\">@laliespos<\/a> se llevo el premio a \u00abMejor Artista Latina\u00bb y a \u00abCancion Latina Favorita\u00bb ?\u2763? LALI EN LOS KCA <a href=\"https:\/\/t.co\/TGluUEsGxM\">pic.twitter.com\/TGluUEsGxM<\/a><\/p>\n<p>\u2014 valen -29 (@espositomyproud) <a href=\"https:\/\/twitter.com\/espositomyproud\/status\/921313610290356226?ref_src=twsrc%5Etfw\">20 de octubre de 2017<\/a><\/p><\/blockquote>\n<p><script async src=\"\/\/platform.twitter.com\/widgets.js\" charset=\"utf-8\"><\/script><\/p>\n","protected":false},"excerpt":{"rendered":"<p>Anoche se entregaron los premios del canal Nickelodeon. Una vez m\u00e1s qued\u00f3 demostrado que para ese grupo que comprende a adolescentes, preadolescentes y ni\u00f1as cada vez m\u00e1s precoces (el componente femenino es ampliamente mayoritario) que volvi\u00f3 a colmar las tres bandejas del Teatro Coliseo anoche los KCAA se viven como el momento m\u00e1s importante del [&hellip;]<\/p>\n","protected":false},"author":1,"featured_media":56674,"comment_status":"closed","ping_status":"closed","sticky":false,"template":"","format":"standard","meta":{"_seopress_robots_primary_cat":"","_seopress_titles_title":"","_seopress_titles_desc":"","_seopress_robots_index":"","footnotes":""},"categories":[2],"tags":[8996,19680],"class_list":{"0":"post-56673","1":"post","2":"type-post","3":"status-publish","4":"format-standard","5":"has-post-thumbnail","7":"category-tv","8":"tag-kids-choice-awards-argentina","9":"tag-mica-viciconte-y-lali-esposito"},"_links":{"self":[{"href":"https:\/\/www.cordobatimes.com\/showup\/wp-json\/wp\/v2\/posts\/56673","targetHints":{"allow":["GET"]}}],"collection":[{"href":"https:\/\/www.cordobatimes.com\/showup\/wp-json\/wp\/v2\/posts"}],"about":[{"href":"https:\/\/www.cordobatimes.com\/showup\/wp-json\/wp\/v2\/types\/post"}],"author":[{"embeddable":true,"href":"https:\/\/www.cordobatimes.com\/showup\/wp-json\/wp\/v2\/users\/1"}],"replies":[{"embeddable":true,"href":"https:\/\/www.cordobatimes.com\/showup\/wp-json\/wp\/v2\/comments?post=56673"}],"version-history":[{"count":0,"href":"https:\/\/www.cordobatimes.com\/showup\/wp-json\/wp\/v2\/posts\/56673\/revisions"}],"wp:featuredmedia":[{"embeddable":true,"href":"https:\/\/www.cordobatimes.com\/showup\/wp-json\/wp\/v2\/media\/56674"}],"wp:attachment":[{"href":"https:\/\/www.cordobatimes.com\/showup\/wp-json\/wp\/v2\/media?parent=56673"}],"wp:term":[{"taxonomy":"category","embeddable":true,"href":"https:\/\/www.cordobatimes.com\/showup\/wp-json\/wp\/v2\/categories?post=56673"},{"taxonomy":"post_tag","embeddable":true,"href":"https:\/\/www.cordobatimes.com\/showup\/wp-json\/wp\/v2\/tags?post=56673"}],"curies":[{"name":"wp","href":"https:\/\/api.w.org\/{rel}","templated":true}]}}