{"id":56629,"date":"2017-10-19T11:07:03","date_gmt":"2017-10-19T14:07:03","guid":{"rendered":"http:\/\/www.cordobatimes.com\/showup\/?p=56629"},"modified":"2020-06-01T12:22:49","modified_gmt":"2020-06-01T15:22:49","slug":"oriana-sabatini-esta-tan-feliz","status":"publish","type":"post","link":"https:\/\/www.cordobatimes.com\/showup\/musica\/2017\/10\/19\/oriana-sabatini-esta-tan-feliz\/","title":{"rendered":"\u00bfPorque Oriana Sabatini est\u00e1 tan feliz?"},"content":{"rendered":"<h3><strong>La gira mundial\u00a0A Head Full of Dreams\u00a0traer\u00e1 una vez m\u00e1s a\u00a0Coldplay\u00a0al pa\u00eds, con shows agotadas para 14 y 15 de noviembre en el Estadio \u00danico de La Plata.<\/strong><\/h3>\n<p>Esas noches ser\u00e1n muy especiales para\u00a0Oriana Sabatini, quien anunci\u00f3 a trav\u00e9s de su cuenta de\u00a0Twitter\u00a0que ser\u00e1 telonera de la banda brit\u00e1nica, junto con\u00a0Dua Lipa\u00a0y\u00a0Jop Hopkins [DJ].<\/p>\n<blockquote class=\"twitter-tweet\" data-lang=\"es\">\n<p dir=\"ltr\" lang=\"es\">El 14 y 15 de Noviembre voy a estar como telonera en los shows de Coldplay!!!!!! ?\u2728???\u2764? <a href=\"https:\/\/t.co\/bG34QHWjTR\">pic.twitter.com\/bG34QHWjTR<\/a><\/p>\n<p>\u2014 Oriana Sabatini (@orisabatini) <a href=\"https:\/\/twitter.com\/orisabatini\/status\/920350017570865152?ref_src=twsrc%5Etfw\">17 de octubre de 2017<\/a><\/p><\/blockquote>\n<p><script async src=\"\/\/platform.twitter.com\/widgets.js\" charset=\"utf-8\"><\/script><\/p>\n<p>En un a\u00f1o en franco ascenso art\u00edstico, la interprete del hit Love Me Down Easy tambi\u00e9n fue nominada a los premios EMAs 2017 como \u00abMejor Artista Latinoamericana\u00bb que entrega MTV.<\/p>\n<blockquote class=\"instagram-media\" style=\"background: #FFF; border: 0; border-radius: 3px; box-shadow: 0 0 1px 0 rgba(0,0,0,0.5),0 1px 10px 0 rgba(0,0,0,0.15); margin: 1px; max-width: 658px; padding: 0; width: calc(100% - 2px);\" data-instgrm-captioned=\"\" data-instgrm-version=\"7\">\n<div style=\"padding: 8px;\">\n<div style=\"background: #F8F8F8; line-height: 0; margin-top: 40px; padding: 50.0% 0; text-align: center; width: 100%;\">\n<div style=\"background: url(data:image\/png; base64,ivborw0kggoaaaansuheugaaacwaaaascamaaaapwqozaaaabgdbtueaalgpc\/xhbqaaaafzukdcak7ohokaaaamuexurczmzpf399fx1+bm5mzy9amaaadisurbvdjlvzxbesmgces5\/p8\/t9furvcrmu73jwlzosgsiizurcjo\/ad+eqjjb4hv8bft+idpqocx1wjosbfhh2xssxeiyn3uli\/6mnree07uiwjev8ueowds88ly97kqytlijkktuybbruayvh5wohixmpi5we58ek028czwyuqdlkpg1bkb4nnm+veanfhqn1k4+gpt6ugqcvu2h2ovuif\/gwufyy8owepdyzsa3avcqpvovvzzz2vtnn2wu8qzvjddeto90gsy9mvlqtgysy231mxry6i2ggqjrty0l8fxcxfcbbhwrsyyaaaaaelftksuqmcc); display: block; height: 44px; margin: 0 auto -44px; position: relative; top: -22px; width: 44px;\"><\/div>\n<\/div>\n<p style=\"margin: 8px 0 0 0; padding: 0 4px;\"><a style=\"color: #000; font-family: Arial,sans-serif; font-size: 14px; font-style: normal; font-weight: normal; line-height: 17px; text-decoration: none; word-wrap: break-word;\" href=\"https:\/\/www.instagram.com\/p\/BZ6ZfOYjOln\/\" target=\"_blank\" rel=\"noopener noreferrer\">Alguien dijo #MTVEMA?!?! ? Creo que estoy so\u00f1ando, GRACIAS por esta nominaci\u00f3n. Pueden votarme en el link de mi bio ?\u2728?????<\/a><\/p>\n<p style=\"color: #c9c8cd; font-family: Arial,sans-serif; font-size: 14px; line-height: 17px; margin-bottom: 0; margin-top: 8px; overflow: hidden; padding: 8px 0 7px; text-align: center; text-overflow: ellipsis; white-space: nowrap;\">Una publicaci\u00f3n compartida de Oriana Sabatini (@orianasabatini) el <time style=\"font-family: Arial,sans-serif; font-size: 14px; line-height: 17px;\" datetime=\"2017-10-06T15:59:46+00:00\">6 de Oct de 2017 a la(s) 8:59 PDT<\/time><\/p>\n<\/div>\n<\/blockquote>\n<p><script async defer src=\"\/\/platform.instagram.com\/en_US\/embeds.js\"><\/script><\/p>\n","protected":false},"excerpt":{"rendered":"<p>La gira mundial\u00a0A Head Full of Dreams\u00a0traer\u00e1 una vez m\u00e1s a\u00a0Coldplay\u00a0al pa\u00eds, con shows agotadas para 14 y 15 de noviembre en el Estadio \u00danico de La Plata. Esas noches ser\u00e1n muy especiales para\u00a0Oriana Sabatini, quien anunci\u00f3 a trav\u00e9s de su cuenta de\u00a0Twitter\u00a0que ser\u00e1 telonera de la banda brit\u00e1nica, junto con\u00a0Dua Lipa\u00a0y\u00a0Jop Hopkins [DJ]. El [&hellip;]<\/p>\n","protected":false},"author":1,"featured_media":56630,"comment_status":"closed","ping_status":"closed","sticky":false,"template":"","format":"standard","meta":{"_seopress_robots_primary_cat":"","_seopress_titles_title":"","_seopress_titles_desc":"","_seopress_robots_index":"","footnotes":""},"categories":[5],"tags":[19646],"class_list":{"0":"post-56629","1":"post","2":"type-post","3":"status-publish","4":"format-standard","5":"has-post-thumbnail","7":"category-musica","8":"tag-oriana-sabatini-telonera-de-coldplay"},"_links":{"self":[{"href":"https:\/\/www.cordobatimes.com\/showup\/wp-json\/wp\/v2\/posts\/56629","targetHints":{"allow":["GET"]}}],"collection":[{"href":"https:\/\/www.cordobatimes.com\/showup\/wp-json\/wp\/v2\/posts"}],"about":[{"href":"https:\/\/www.cordobatimes.com\/showup\/wp-json\/wp\/v2\/types\/post"}],"author":[{"embeddable":true,"href":"https:\/\/www.cordobatimes.com\/showup\/wp-json\/wp\/v2\/users\/1"}],"replies":[{"embeddable":true,"href":"https:\/\/www.cordobatimes.com\/showup\/wp-json\/wp\/v2\/comments?post=56629"}],"version-history":[{"count":0,"href":"https:\/\/www.cordobatimes.com\/showup\/wp-json\/wp\/v2\/posts\/56629\/revisions"}],"wp:featuredmedia":[{"embeddable":true,"href":"https:\/\/www.cordobatimes.com\/showup\/wp-json\/wp\/v2\/media\/56630"}],"wp:attachment":[{"href":"https:\/\/www.cordobatimes.com\/showup\/wp-json\/wp\/v2\/media?parent=56629"}],"wp:term":[{"taxonomy":"category","embeddable":true,"href":"https:\/\/www.cordobatimes.com\/showup\/wp-json\/wp\/v2\/categories?post=56629"},{"taxonomy":"post_tag","embeddable":true,"href":"https:\/\/www.cordobatimes.com\/showup\/wp-json\/wp\/v2\/tags?post=56629"}],"curies":[{"name":"wp","href":"https:\/\/api.w.org\/{rel}","templated":true}]}}