{"id":56567,"date":"2017-10-17T17:57:18","date_gmt":"2017-10-17T20:57:18","guid":{"rendered":"http:\/\/www.cordobatimes.com\/showup\/?p=56567"},"modified":"2020-06-02T19:06:02","modified_gmt":"2020-06-02T22:06:02","slug":"disney-realizara-una-serie-la-vida-del-boxeador-carlos-monzon","status":"publish","type":"post","link":"https:\/\/www.cordobatimes.com\/showup\/famosos\/2017\/10\/17\/disney-realizara-una-serie-la-vida-del-boxeador-carlos-monzon\/","title":{"rendered":"Disney realizar\u00e1 una serie sobre la vida del boxeador Carlos Monz\u00f3n"},"content":{"rendered":"<h3><strong>Una de las m\u00e1s grandes figuras del deporte argentino tendr\u00e1 su serie biogr\u00e1fica.<\/strong><\/h3>\n<p>La productora Disney Media Distribution realizar\u00e1 una serie de 13 episodios sobre la vida de\u00a0Carlos Monz\u00f3n\u00a0junto a Pampa Films.<\/p>\n<p>La biopic mostrar\u00e1 los claroscuros de la vida del campe\u00f3n: su gloria sobre el ring, el jet set internacional, su romance con\u00a0Susana Gim\u00e9nez, su condena por el homicidio de su esposa,\u00a0Alicia Mu\u00f1iz, y su muerte en un accidente automovil\u00edstico. El proyecto est\u00e1 en etapa de desarrollo y a\u00fan no se dio a conocer qui\u00e9n es el actor que interpretar\u00e1 a Monz\u00f3n.<\/p>\n<p>\u201cMe llena de orgullo anunciar este incre\u00edble proyecto, que mostrar\u00e1 la vida tan dram\u00e1tica de uno de los grandes y verdaderos \u00eddolos argentinos, Carlos Monz\u00f3n. Para las viejas generaciones, ser\u00e1 una obra para recordar a esta gran leyenda, y para las nuevas generaciones, una oportunidad de conocer al \u00eddolo\u201d, expres\u00f3\u00a0Fernando Barbosa, Se\u00f1or Vice President y General Manager Disney Media Distribution Latin America, The Walt Disney Company Latin America.<\/p>\n","protected":false},"excerpt":{"rendered":"<p>Una de las m\u00e1s grandes figuras del deporte argentino tendr\u00e1 su serie biogr\u00e1fica. La productora Disney Media Distribution realizar\u00e1 una serie de 13 episodios sobre la vida de\u00a0Carlos Monz\u00f3n\u00a0junto a Pampa Films. La biopic mostrar\u00e1 los claroscuros de la vida del campe\u00f3n: su gloria sobre el ring, el jet set internacional, su romance con\u00a0Susana Gim\u00e9nez, [&hellip;]<\/p>\n","protected":false},"author":1,"featured_media":56568,"comment_status":"closed","ping_status":"closed","sticky":false,"template":"","format":"standard","meta":{"_seopress_robots_primary_cat":"","_seopress_titles_title":"","_seopress_titles_desc":"","_seopress_robots_index":"","footnotes":""},"categories":[4],"tags":[19594,19595,19593],"class_list":{"0":"post-56567","1":"post","2":"type-post","3":"status-publish","4":"format-standard","5":"has-post-thumbnail","7":"category-famosos","8":"tag-boxeador-carlos-monzon","9":"tag-la-vida-del-boxeador-carlos-monzon","10":"tag-serie-sobre-la-vida-del-boxeador-carlos-monzon"},"_links":{"self":[{"href":"https:\/\/www.cordobatimes.com\/showup\/wp-json\/wp\/v2\/posts\/56567","targetHints":{"allow":["GET"]}}],"collection":[{"href":"https:\/\/www.cordobatimes.com\/showup\/wp-json\/wp\/v2\/posts"}],"about":[{"href":"https:\/\/www.cordobatimes.com\/showup\/wp-json\/wp\/v2\/types\/post"}],"author":[{"embeddable":true,"href":"https:\/\/www.cordobatimes.com\/showup\/wp-json\/wp\/v2\/users\/1"}],"replies":[{"embeddable":true,"href":"https:\/\/www.cordobatimes.com\/showup\/wp-json\/wp\/v2\/comments?post=56567"}],"version-history":[{"count":0,"href":"https:\/\/www.cordobatimes.com\/showup\/wp-json\/wp\/v2\/posts\/56567\/revisions"}],"wp:featuredmedia":[{"embeddable":true,"href":"https:\/\/www.cordobatimes.com\/showup\/wp-json\/wp\/v2\/media\/56568"}],"wp:attachment":[{"href":"https:\/\/www.cordobatimes.com\/showup\/wp-json\/wp\/v2\/media?parent=56567"}],"wp:term":[{"taxonomy":"category","embeddable":true,"href":"https:\/\/www.cordobatimes.com\/showup\/wp-json\/wp\/v2\/categories?post=56567"},{"taxonomy":"post_tag","embeddable":true,"href":"https:\/\/www.cordobatimes.com\/showup\/wp-json\/wp\/v2\/tags?post=56567"}],"curies":[{"name":"wp","href":"https:\/\/api.w.org\/{rel}","templated":true}]}}