{"id":56547,"date":"2017-10-16T16:56:49","date_gmt":"2017-10-16T19:56:49","guid":{"rendered":"http:\/\/www.cordobatimes.com\/showup\/?p=56547"},"modified":"2020-06-02T19:22:02","modified_gmt":"2020-06-02T22:22:02","slug":"jimena-baron-canto-junto-la-princesita-karina-luna-park","status":"publish","type":"post","link":"https:\/\/www.cordobatimes.com\/showup\/musica\/2017\/10\/16\/jimena-baron-canto-junto-la-princesita-karina-luna-park\/","title":{"rendered":"Jimena Bar\u00f3n cant\u00f3 junto a la Princesita Karina en el Luna Park"},"content":{"rendered":"<h3><strong>La novia de Juan Mart\u00edn del Potro cant\u00f3 su hit La Tonta con la cantante.<\/strong><\/h3>\n<p>Jimena Bar\u00f3n\u00a0cant\u00f3 en el Luna Park este fin de semana gracias a que\u00a0Karina \u00abla Princesita\u00bb Tejeda\u00a0la invit\u00f3 al escenario para que ambas entonen juntas el hit \u00abLa tonta\u00bb, de autor\u00eda de la actriz. Para sorpresa de\u00a0la novia de Juan Mart\u00edn del Potro, el p\u00fablico aplaudi\u00f3 y core\u00f3 junto con ellas la letra de principio a fin, y as\u00ed lo expres\u00f3 m\u00e1s tarde desde las redes sociales.<\/p>\n<blockquote class=\"instagram-media\" style=\"background: #FFF; border: 0; border-radius: 3px; box-shadow: 0 0 1px 0 rgba(0,0,0,0.5),0 1px 10px 0 rgba(0,0,0,0.15); margin: 1px; max-width: 658px; padding: 0; width: calc(100% - 2px);\" data-instgrm-captioned=\"\" data-instgrm-version=\"7\">\n<div style=\"padding: 8px;\">\n<div style=\"background: #F8F8F8; line-height: 0; margin-top: 40px; padding: 50.0% 0; text-align: center; width: 100%;\"><\/div>\n<p style=\"margin: 8px 0 0 0; padding: 0 4px;\"><a style=\"color: #000; font-family: Arial,sans-serif; font-size: 14px; font-style: normal; font-weight: normal; line-height: 17px; text-decoration: none; word-wrap: break-word;\" href=\"https:\/\/www.instagram.com\/p\/BaSN-wqhP7K\/\" target=\"_blank\" rel=\"noopener noreferrer\">\u2b50\ufe0fAyer, M\u20e3A\u20e3G\u20e3I\u20e3C\u20e3O\u20e3 Luna Park \u2b50\ufe0f . Que emocionante! GRACIAS ! ! ! @kariprinceoficial<\/a><\/p>\n<p style=\"color: #c9c8cd; font-family: Arial,sans-serif; font-size: 14px; line-height: 17px; margin-bottom: 0; margin-top: 8px; overflow: hidden; padding: 8px 0 7px; text-align: center; text-overflow: ellipsis; white-space: nowrap;\">Una publicaci\u00f3n compartida de Jimena Baron (@baronjimena) el <time style=\"font-family: Arial,sans-serif; font-size: 14px; line-height: 17px;\" datetime=\"2017-10-15T22:02:52+00:00\">15 de Oct de 2017 a la(s) 3:02 PDT<\/time><\/p>\n<\/div>\n<\/blockquote>\n<p><script async defer src=\"\/\/platform.instagram.com\/en_US\/embeds.js\"><\/script><\/p>\n<p>ras el show, Jimena le agradeci\u00f3 desde las redes a la Princesita, a sus fans y a sus seres queridos el poder cumplir su sue\u00f1o de cantar en el Luna Park. Recordemos que su tema \u00abLa tonta\u00bb lider\u00f3 el ranking de la aplicaci\u00f3n de m\u00fasica, Spotify, por lo que sus alegr\u00edas por estos tiempos son m\u00faltiples.<\/p>\n<blockquote class=\"instagram-media\" style=\"background: #FFF; border: 0; border-radius: 3px; box-shadow: 0 0 1px 0 rgba(0,0,0,0.5),0 1px 10px 0 rgba(0,0,0,0.15); margin: 1px; max-width: 658px; padding: 0; width: calc(100% - 2px);\" data-instgrm-captioned=\"\" data-instgrm-version=\"7\">\n<div style=\"padding: 8px;\">\n<div style=\"background: #F8F8F8; line-height: 0; margin-top: 40px; padding: 50% 0; text-align: center; width: 100%;\"><\/div>\n<p style=\"margin: 8px 0 0 0; padding: 0 4px;\"><a style=\"color: #000; font-family: Arial,sans-serif; font-size: 14px; font-style: normal; font-weight: normal; line-height: 17px; text-decoration: none; word-wrap: break-word;\" href=\"https:\/\/www.instagram.com\/p\/BaR-cXeBElf\/\" target=\"_blank\" rel=\"noopener noreferrer\">A menos de 3 meses de haber salido mi primer canci\u00f3n, tuve la oportunidad de escuchar un Luna Park lleno cant\u00e1ndola a los gritos conmigo. Gracias @kariprinceoficial por cumplirme este sue\u00f1o, por tu enorme generosidad y tu empuje y tu mano hacia otras mujeres que la reman solas para cumplir sus sue\u00f1os. Ten\u00e9s una humildad y un trato muy especial. De coraz\u00f3n te agradezco la noche M\u0489A\u0489G\u0489I\u0489C\u0489A\u0489 de ayer que jam\u00e1s me voy a olvidar. La gente hermosa, tanta! Y tan cari\u00f1osos conmigo! Mi familia, mi hijo y mis amigas que amo, ah\u00ed acompa\u00f1\u00e1ndome como siempre (hasta haciendo de mis fans ?) Me queda todo ese amor en el cuerpo para siempre ? Amo cantar y amo que canten mis canciones, mientras cantaba no pude no so\u00f1ar con alg\u00fan d\u00eda ser yo la que haga un show ah\u00ed&#8230; Me hacen muy feliz \u2764\ufe0f GRACIAS !<\/a><\/p>\n<p style=\"color: #c9c8cd; font-family: Arial,sans-serif; font-size: 14px; line-height: 17px; margin-bottom: 0; margin-top: 8px; overflow: hidden; padding: 8px 0 7px; text-align: center; text-overflow: ellipsis; white-space: nowrap;\">Una publicaci\u00f3n compartida de Jimena Baron (@baronjimena) el <time style=\"font-family: Arial,sans-serif; font-size: 14px; line-height: 17px;\" datetime=\"2017-10-15T19:45:13+00:00\">15 de Oct de 2017 a la(s) 12:45 PDT<\/time><\/p>\n<\/div>\n<\/blockquote>\n<p><script async defer src=\"\/\/platform.instagram.com\/en_US\/embeds.js\"><\/script><\/p>\n<p><iframe loading=\"lazy\" src=\"https:\/\/www.youtube.com\/embed\/3NG3nq1fE0Q\" width=\"560\" height=\"315\" frameborder=\"0\" allowfullscreen=\"allowfullscreen\"><\/iframe><\/p>\n","protected":false},"excerpt":{"rendered":"<p>La novia de Juan Mart\u00edn del Potro cant\u00f3 su hit La Tonta con la cantante. Jimena Bar\u00f3n\u00a0cant\u00f3 en el Luna Park este fin de semana gracias a que\u00a0Karina \u00abla Princesita\u00bb Tejeda\u00a0la invit\u00f3 al escenario para que ambas entonen juntas el hit \u00abLa tonta\u00bb, de autor\u00eda de la actriz. Para sorpresa de\u00a0la novia de Juan Mart\u00edn [&hellip;]<\/p>\n","protected":false},"author":1,"featured_media":56548,"comment_status":"closed","ping_status":"closed","sticky":false,"template":"","format":"standard","meta":{"_seopress_robots_primary_cat":"","_seopress_titles_title":"","_seopress_titles_desc":"","_seopress_robots_index":"","footnotes":""},"categories":[5],"tags":[19579,31790],"class_list":{"0":"post-56547","1":"post","2":"type-post","3":"status-publish","4":"format-standard","5":"has-post-thumbnail","7":"category-musica","8":"tag-karina-en-el-luna-park","9":"tag-karina-la-princesita-y-jimena-baron"},"_links":{"self":[{"href":"https:\/\/www.cordobatimes.com\/showup\/wp-json\/wp\/v2\/posts\/56547","targetHints":{"allow":["GET"]}}],"collection":[{"href":"https:\/\/www.cordobatimes.com\/showup\/wp-json\/wp\/v2\/posts"}],"about":[{"href":"https:\/\/www.cordobatimes.com\/showup\/wp-json\/wp\/v2\/types\/post"}],"author":[{"embeddable":true,"href":"https:\/\/www.cordobatimes.com\/showup\/wp-json\/wp\/v2\/users\/1"}],"replies":[{"embeddable":true,"href":"https:\/\/www.cordobatimes.com\/showup\/wp-json\/wp\/v2\/comments?post=56547"}],"version-history":[{"count":0,"href":"https:\/\/www.cordobatimes.com\/showup\/wp-json\/wp\/v2\/posts\/56547\/revisions"}],"wp:featuredmedia":[{"embeddable":true,"href":"https:\/\/www.cordobatimes.com\/showup\/wp-json\/wp\/v2\/media\/56548"}],"wp:attachment":[{"href":"https:\/\/www.cordobatimes.com\/showup\/wp-json\/wp\/v2\/media?parent=56547"}],"wp:term":[{"taxonomy":"category","embeddable":true,"href":"https:\/\/www.cordobatimes.com\/showup\/wp-json\/wp\/v2\/categories?post=56547"},{"taxonomy":"post_tag","embeddable":true,"href":"https:\/\/www.cordobatimes.com\/showup\/wp-json\/wp\/v2\/tags?post=56547"}],"curies":[{"name":"wp","href":"https:\/\/api.w.org\/{rel}","templated":true}]}}