{"id":56465,"date":"2017-10-12T09:49:52","date_gmt":"2017-10-12T12:49:52","guid":{"rendered":"http:\/\/www.cordobatimes.com\/showup\/?p=56465"},"modified":"2020-06-05T20:45:51","modified_gmt":"2020-06-05T23:45:51","slug":"mira-trailer-star-wars-los-ultimos-jedi","status":"publish","type":"post","link":"https:\/\/www.cordobatimes.com\/showup\/cine-y-series\/2017\/10\/12\/mira-trailer-star-wars-los-ultimos-jedi\/","title":{"rendered":"Mir\u00e1 el tr\u00e1iler de \u00abStar Wars: Los \u00faltimos Jedi\u00bb"},"content":{"rendered":"<h3><strong>El 14 de diciembre estrenar\u00e1 en las salas de cine argentinas\u00a0Star Wars: Los \u00faltimos Jedi\u00a0y Lucasfilm acaba de lanzar un nuevo tr\u00e1iler.<\/strong><\/h3>\n<p><strong>\u00a0<\/strong>\u201cLa saga de los Skywalker contin\u00faa mientras los h\u00e9roes de Star Wars: El despertar de la fuerza se unen a las leyendas gal\u00e1cticas en una \u00e9pica aventura en la que se develan misterios milenarios de la Fuerza e impactantes revelaciones del pasado\u201d, adelanta\u00a0la cuenta de Youtube de Star Wars Latinoam\u00e9rica, desde d\u00f3nde se comparti\u00f3 el nuevo tr\u00e1iler subtitulado de la pel\u00edcula.<\/p>\n<p>Star Wars: Los \u00faltimos Jedi\u00a0estrenar\u00e1 en las salas de cine argentina el 14 de diciembre y contar\u00e1 con los protag\u00f3nicos de Mark Hamill,\u00a0Carrie Fisher, Adam Driver, Daisy Ridley, John Boyega, Oscar Isaac, Lupita Nyong\u2019o, Andy Serkis, Domhnall Gleeson, Anthony Daniels, Gwendoline Christie, Kelly Marie Tran, Laura Dern y Benicio Del Toro.<\/p>\n<p>El filme est\u00e1 escrito y dirigido por Rian Johnson.<\/p>\n<p><iframe loading=\"lazy\" src=\"https:\/\/www.youtube.com\/embed\/3_YJYdJA6Yc\" width=\"560\" height=\"315\" frameborder=\"0\" allowfullscreen=\"allowfullscreen\"><\/iframe><\/p>\n","protected":false},"excerpt":{"rendered":"<p>El 14 de diciembre estrenar\u00e1 en las salas de cine argentinas\u00a0Star Wars: Los \u00faltimos Jedi\u00a0y Lucasfilm acaba de lanzar un nuevo tr\u00e1iler. \u00a0\u201cLa saga de los Skywalker contin\u00faa mientras los h\u00e9roes de Star Wars: El despertar de la fuerza se unen a las leyendas gal\u00e1cticas en una \u00e9pica aventura en la que se develan misterios [&hellip;]<\/p>\n","protected":false},"author":1,"featured_media":56466,"comment_status":"closed","ping_status":"closed","sticky":false,"template":"","format":"standard","meta":{"_seopress_robots_primary_cat":"","_seopress_titles_title":"","_seopress_titles_desc":"","_seopress_robots_index":"","footnotes":""},"categories":[3],"tags":[19523,19524],"class_list":{"0":"post-56465","1":"post","2":"type-post","3":"status-publish","4":"format-standard","5":"has-post-thumbnail","7":"category-cine-y-series","8":"tag-star-wars-los-ultimos-jedi","9":"tag-trailer-de-star-wars-los-ultimos-jedi"},"_links":{"self":[{"href":"https:\/\/www.cordobatimes.com\/showup\/wp-json\/wp\/v2\/posts\/56465","targetHints":{"allow":["GET"]}}],"collection":[{"href":"https:\/\/www.cordobatimes.com\/showup\/wp-json\/wp\/v2\/posts"}],"about":[{"href":"https:\/\/www.cordobatimes.com\/showup\/wp-json\/wp\/v2\/types\/post"}],"author":[{"embeddable":true,"href":"https:\/\/www.cordobatimes.com\/showup\/wp-json\/wp\/v2\/users\/1"}],"replies":[{"embeddable":true,"href":"https:\/\/www.cordobatimes.com\/showup\/wp-json\/wp\/v2\/comments?post=56465"}],"version-history":[{"count":0,"href":"https:\/\/www.cordobatimes.com\/showup\/wp-json\/wp\/v2\/posts\/56465\/revisions"}],"wp:featuredmedia":[{"embeddable":true,"href":"https:\/\/www.cordobatimes.com\/showup\/wp-json\/wp\/v2\/media\/56466"}],"wp:attachment":[{"href":"https:\/\/www.cordobatimes.com\/showup\/wp-json\/wp\/v2\/media?parent=56465"}],"wp:term":[{"taxonomy":"category","embeddable":true,"href":"https:\/\/www.cordobatimes.com\/showup\/wp-json\/wp\/v2\/categories?post=56465"},{"taxonomy":"post_tag","embeddable":true,"href":"https:\/\/www.cordobatimes.com\/showup\/wp-json\/wp\/v2\/tags?post=56465"}],"curies":[{"name":"wp","href":"https:\/\/api.w.org\/{rel}","templated":true}]}}